{"id":1017,"date":"2024-05-13T00:26:00","date_gmt":"2024-05-13T00:26:00","guid":{"rendered":"https:\/\/lesasturies.org\/?p=1017"},"modified":"2024-05-11T12:35:07","modified_gmt":"2024-05-11T12:35:07","slug":"una-guarderia-un-autobus","status":"publish","type":"post","link":"https:\/\/lesasturies.org\/index.php\/2024\/05\/13\/una-guarderia-un-autobus\/","title":{"rendered":"Una guarder\u00eda, un autob\u00fas."},"content":{"rendered":"\n<p>Gonzalo Barrena. El Faro de Ceuta, 13 de mayo, 2024. <\/p>\n\n\n\n<p>Apedrear un autob\u00fas, al igual que hacerlo con el coche de una trabajadora, y que los peque\u00f1os alumnos de su guarder\u00eda no puedan salir del recinto, son algo m\u00e1s que malas noticias para el El Pr\u00edncipe.<\/p>\n\n\n\n<p>Acostumbrados a que el barrio ocupe las cabeceras de prensa, \u00bfqu\u00e9 traen de nuevo estos dos hechos en menos de un mes?. Las piedras han sido dirigidas esta vez contra los abuelos y los hermanos peque\u00f1os de quien las tira, en esa intifada ciega y brutal que nace del abandono. Desde luego el conductor, como la trabajadora, merecen protecci\u00f3n inequ\u00edvoca, pero una sociedad que se ve obligada a escoltar sus autobuses y blindar las guarder\u00edas, no pasa ese examen que uno ha de hacerse a s\u00ed mismo antes de salir a la calle cada ma\u00f1ana.<\/p>\n\n\n\n<p>Porque \u201ctirar piedras contra el propio tejado\u201d, refr\u00e1n antiguo, funciona aqu\u00ed con agravantes: los techos que se apedrean no cubren al Principe sino al pueblo, que viaja en autob\u00fas y trabaja, mientras ha de poner a los m\u00e1s peque\u00f1os al recaudo de las cuidadoras.&nbsp; Y si hace tiempo que el barrio se dispara tiros en el pie, que es la versi\u00f3n europea del dicho, los nuevos disparos son a\u00fan m\u00e1s absurdos. Y aunque los tiradores quiz\u00e1 sean tan solo unos muchachos hu\u00e9rfanos de autoridad familiar, y de la otra, ninguna instituci\u00f3n puede consentir ese comportamiento.<\/p>\n\n\n\n<p>Porque la primera infancia es sagrada en todas las religiones, y las rodillas cansadas de los mayores, con el peso de la vida sobre ellas y el de la compra en las manos, no merecen una cuesta arriba m\u00e1s. De modo que Ceuta -y el propio barrio- tienen que reaccionar, porque de estos lodos, como bien se entiende en lat\u00edn, todos tenemos \u201c<em>culpa in vigilando<\/em>\u201d.<\/p>\n","protected":false},"excerpt":{"rendered":"<p>Gonzalo Barrena. El Faro de Ceuta, 13 de mayo, 2024. Apedrear un autob\u00fas, al igual que hacerlo con el coche de una trabajadora, y que los peque\u00f1os alumnos de su guarder\u00eda no puedan salir del recinto, son algo m\u00e1s que malas noticias para el El Pr\u00edncipe. Acostumbrados a que el barrio ocupe las cabeceras de [&hellip;]<\/p>\n","protected":false},"author":1,"featured_media":0,"comment_status":"closed","ping_status":"closed","sticky":false,"template":"","format":"standard","meta":{"_et_pb_use_builder":"off","_et_pb_old_content":"","_et_gb_content_width":"","footnotes":""},"categories":[13,18],"tags":[],"class_list":["post-1017","post","type-post","status-publish","format-standard","hentry","category-comunes","category-el-faro-de-ceuta"],"_links":{"self":[{"href":"https:\/\/lesasturies.org\/index.php\/wp-json\/wp\/v2\/posts\/1017","targetHints":{"allow":["GET"]}}],"collection":[{"href":"https:\/\/lesasturies.org\/index.php\/wp-json\/wp\/v2\/posts"}],"about":[{"href":"https:\/\/lesasturies.org\/index.php\/wp-json\/wp\/v2\/types\/post"}],"author":[{"embeddable":true,"href":"https:\/\/lesasturies.org\/index.php\/wp-json\/wp\/v2\/users\/1"}],"replies":[{"embeddable":true,"href":"https:\/\/lesasturies.org\/index.php\/wp-json\/wp\/v2\/comments?post=1017"}],"version-history":[{"count":2,"href":"https:\/\/lesasturies.org\/index.php\/wp-json\/wp\/v2\/posts\/1017\/revisions"}],"predecessor-version":[{"id":1021,"href":"https:\/\/lesasturies.org\/index.php\/wp-json\/wp\/v2\/posts\/1017\/revisions\/1021"}],"wp:attachment":[{"href":"https:\/\/lesasturies.org\/index.php\/wp-json\/wp\/v2\/media?parent=1017"}],"wp:term":[{"taxonomy":"category","embeddable":true,"href":"https:\/\/lesasturies.org\/index.php\/wp-json\/wp\/v2\/categories?post=1017"},{"taxonomy":"post_tag","embeddable":true,"href":"https:\/\/lesasturies.org\/index.php\/wp-json\/wp\/v2\/tags?post=1017"}],"curies":[{"name":"wp","href":"https:\/\/api.w.org\/{rel}","templated":true}]}}