{"id":1022,"date":"2024-05-15T07:00:00","date_gmt":"2024-05-15T07:00:00","guid":{"rendered":"https:\/\/lesasturies.org\/?p=1022"},"modified":"2024-05-25T09:10:42","modified_gmt":"2024-05-25T09:10:42","slug":"sierra-amor-sotres","status":"publish","type":"post","link":"https:\/\/lesasturies.org\/index.php\/2024\/05\/15\/sierra-amor-sotres\/","title":{"rendered":"Sierra Amor, Sotres"},"content":{"rendered":"\n<figure class=\"wp-block-image size-large\"><img loading=\"lazy\" decoding=\"async\" width=\"1024\" height=\"768\" src=\"https:\/\/lesasturies.org\/wp-content\/uploads\/2024\/05\/Sotres-12-mayo-2024-1024x768.jpeg\" alt=\"\" class=\"wp-image-1025\" srcset=\"https:\/\/lesasturies.org\/wp-content\/uploads\/2024\/05\/Sotres-12-mayo-2024-1024x768.jpeg 1024w, https:\/\/lesasturies.org\/wp-content\/uploads\/2024\/05\/Sotres-12-mayo-2024-980x735.jpeg 980w, https:\/\/lesasturies.org\/wp-content\/uploads\/2024\/05\/Sotres-12-mayo-2024-480x360.jpeg 480w\" sizes=\"(min-width: 0px) and (max-width: 480px) 480px, (min-width: 481px) and (max-width: 980px) 980px, (min-width: 981px) 1024px, 100vw\" \/><figcaption class=\"wp-element-caption\">Sierra Amor, Sotres, 12 de mayo de 2024.<\/figcaption><\/figure>\n\n\n\n<p>Gonzalo Barrena. El Fielato, 15 de mayo, 2024.<\/p>\n\n\n\n<p>Un pu\u00f1ado de vecinos y responsables pol\u00edticos se reunieron junto a descendientes y familiares de quienes, en Sotres, dieron su vida en defensa de La Rep\u00fablica, bien en el frente o bien como v\u00edctimas de la cruenta represi\u00f3n que se desencaden\u00f3 despu\u00e9s.<\/p>\n\n\n\n<p>La Directora General de Memoria Democr\u00e1tica, Bego\u00f1a Collado, junto a Jos\u00e9 S\u00e1nchez, el alcalde del Concejo, arroparon las inequ\u00edvocas palabras que una sotrina, Yolanda, pronunci\u00f3 en Sierra Amor (quiz\u00e1 Xerramor). Los nombres de los sitios atesoran historia, y \u00e9ste en concreto, con su belleza, repara un poco lo que se les debe a quienes ya no est\u00e1n.<\/p>\n\n\n\n<p>La memoria democr\u00e1tica, o memoria a secas, cobra su verdadero sentido cuando es compartida, cuando hila el presente de quienes la escuchan, con la vida y detalle de los que caminaron el suelo que se est\u00e1 pisando, de quienes sintieron en la cara el mismo aire fresco de mayo, con el entresol de domingo que invitaba -y no- a desabrigarse.<\/p>\n\n\n\n<p>No hubo, ni se so\u00f1\u00f3, venganza alguna en nombrar, uno a uno, a quienes no pudieron continuar su vida camino de Jidiellu o de La Caballar, por poner s\u00f3lo dos entre los infinitos senderos hacia los que estalla la flor de Sotres. \u00danicamente hubo recuerdo, afecto y palabras justas, con una gaita que las ech\u00f3 al viento por toda la cuenca del Duje.<\/p>\n\n\n\n<p>Hasta Sierra Amor llegaron unos pinchos por voluntad de los vecinos, con vino para brindar en honor y memoria de los que se nombraron. Menudeaban las conversaciones, los abrazos por el encuentro y el pesar por tantas cosas que se sepultan en el olvido, como cada nombre y cada sitio por los que pasan todav\u00eda los caminos viejos.<\/p>\n","protected":false},"excerpt":{"rendered":"<p>Gonzalo Barrena. El Fielato, 15 de mayo, 2024. Un pu\u00f1ado de vecinos y responsables pol\u00edticos se reunieron junto a descendientes y familiares de quienes, en Sotres, dieron su vida en defensa de La Rep\u00fablica, bien en el frente o bien como v\u00edctimas de la cruenta represi\u00f3n que se desencaden\u00f3 despu\u00e9s. La Directora General de Memoria [&hellip;]<\/p>\n","protected":false},"author":1,"featured_media":0,"comment_status":"closed","ping_status":"closed","sticky":false,"template":"","format":"standard","meta":{"_et_pb_use_builder":"off","_et_pb_old_content":"","_et_gb_content_width":"","footnotes":""},"categories":[13,6,12,3],"tags":[],"class_list":["post-1022","post","type-post","status-publish","format-standard","hentry","category-comunes","category-la-linea","category-lugares","category-politicos"],"_links":{"self":[{"href":"https:\/\/lesasturies.org\/index.php\/wp-json\/wp\/v2\/posts\/1022","targetHints":{"allow":["GET"]}}],"collection":[{"href":"https:\/\/lesasturies.org\/index.php\/wp-json\/wp\/v2\/posts"}],"about":[{"href":"https:\/\/lesasturies.org\/index.php\/wp-json\/wp\/v2\/types\/post"}],"author":[{"embeddable":true,"href":"https:\/\/lesasturies.org\/index.php\/wp-json\/wp\/v2\/users\/1"}],"replies":[{"embeddable":true,"href":"https:\/\/lesasturies.org\/index.php\/wp-json\/wp\/v2\/comments?post=1022"}],"version-history":[{"count":3,"href":"https:\/\/lesasturies.org\/index.php\/wp-json\/wp\/v2\/posts\/1022\/revisions"}],"predecessor-version":[{"id":1032,"href":"https:\/\/lesasturies.org\/index.php\/wp-json\/wp\/v2\/posts\/1022\/revisions\/1032"}],"wp:attachment":[{"href":"https:\/\/lesasturies.org\/index.php\/wp-json\/wp\/v2\/media?parent=1022"}],"wp:term":[{"taxonomy":"category","embeddable":true,"href":"https:\/\/lesasturies.org\/index.php\/wp-json\/wp\/v2\/categories?post=1022"},{"taxonomy":"post_tag","embeddable":true,"href":"https:\/\/lesasturies.org\/index.php\/wp-json\/wp\/v2\/tags?post=1022"}],"curies":[{"name":"wp","href":"https:\/\/api.w.org\/{rel}","templated":true}]}}