{"id":1030,"date":"2024-05-27T09:03:56","date_gmt":"2024-05-27T09:03:56","guid":{"rendered":"https:\/\/lesasturies.org\/?p=1030"},"modified":"2024-05-25T09:05:51","modified_gmt":"2024-05-25T09:05:51","slug":"estraperlo-2","status":"publish","type":"post","link":"https:\/\/lesasturies.org\/index.php\/2024\/05\/27\/estraperlo-2\/","title":{"rendered":"Estraperlo"},"content":{"rendered":"\n<p>Hay actos injustos en si mismos, por mucho que exista una legislaci\u00f3n que los ampara. Poner pegas y llegar a detener a una mujer en El Tarajal, con diecis\u00e9is quilos de verdura y un exceso de seis en el carro, refleja ese rigor con los humildes que aplica el Estado, que se hace el sueco por otra parte con el tr\u00e1fico de armas destinadas a las guerras de oriente.<\/p>\n\n\n\n<p>Aqu\u00ed se trata de \u201cestraperlo\u201d, un nombre que viene de las ruletas trucadas durante La Rep\u00fablica, y que se prolong\u00f3 en el franquismo alongado, cuando se le endosaba a la Guardia Civil -como ahora- la persecuci\u00f3n fiscal del tr\u00e1fico al por menor, con media Espa\u00f1a o m\u00e1s necesitada de evadir no los impuestos sino la pobreza. El estraperlo no es un indicativo de delitos individuales sino un s\u00edntoma de desigualdad, con el p\u00edcaro comiendo las uvas de a dos, y los lobbies de cien en cien.<\/p>\n\n\n\n<p>Pong\u00e1monos ahora en la piel del guardia, con una normativa nacida en los despachos, yerma en empat\u00eda como todo texto legal. Y tenemos al agente perplejo ante el carro con seis kilos de m\u00e1s y una mujer indignada que, en su desesperaci\u00f3n, cruza ese l\u00edmite que los guardias llevan bordado en los uniformes. El conflicto est\u00e1 servido desde lejos, pero sufrido en el ojo de la aguja de El Tarajal, donde acaban pasando con igual angostura las se\u00f1oras con carrito y los camellos.<\/p>\n\n\n\n<p>Qu\u00e9 quieren que les diga\u2026no estamos aqu\u00ed frente al tr\u00e1fico de personas, ni de armas, ni de sustancias psicotr\u00f3picas, que operan con otro margen y contabilidad. Aqu\u00ed estamos en medio de una geograf\u00eda parad\u00f3jica, con una ciudad repleta de funcionarios, a un lado, y las huertas al otro lado de la frontera o del mar.<\/p>\n","protected":false},"excerpt":{"rendered":"<p>Hay actos injustos en si mismos, por mucho que exista una legislaci\u00f3n que los ampara. Poner pegas y llegar a detener a una mujer en El Tarajal, con diecis\u00e9is quilos de verdura y un exceso de seis en el carro, refleja ese rigor con los humildes que aplica el Estado, que se hace el sueco [&hellip;]<\/p>\n","protected":false},"author":1,"featured_media":0,"comment_status":"closed","ping_status":"closed","sticky":false,"template":"","format":"standard","meta":{"_et_pb_use_builder":"off","_et_pb_old_content":"","_et_gb_content_width":"","footnotes":""},"categories":[13,18],"tags":[],"class_list":["post-1030","post","type-post","status-publish","format-standard","hentry","category-comunes","category-el-faro-de-ceuta"],"_links":{"self":[{"href":"https:\/\/lesasturies.org\/index.php\/wp-json\/wp\/v2\/posts\/1030","targetHints":{"allow":["GET"]}}],"collection":[{"href":"https:\/\/lesasturies.org\/index.php\/wp-json\/wp\/v2\/posts"}],"about":[{"href":"https:\/\/lesasturies.org\/index.php\/wp-json\/wp\/v2\/types\/post"}],"author":[{"embeddable":true,"href":"https:\/\/lesasturies.org\/index.php\/wp-json\/wp\/v2\/users\/1"}],"replies":[{"embeddable":true,"href":"https:\/\/lesasturies.org\/index.php\/wp-json\/wp\/v2\/comments?post=1030"}],"version-history":[{"count":1,"href":"https:\/\/lesasturies.org\/index.php\/wp-json\/wp\/v2\/posts\/1030\/revisions"}],"predecessor-version":[{"id":1031,"href":"https:\/\/lesasturies.org\/index.php\/wp-json\/wp\/v2\/posts\/1030\/revisions\/1031"}],"wp:attachment":[{"href":"https:\/\/lesasturies.org\/index.php\/wp-json\/wp\/v2\/media?parent=1030"}],"wp:term":[{"taxonomy":"category","embeddable":true,"href":"https:\/\/lesasturies.org\/index.php\/wp-json\/wp\/v2\/categories?post=1030"},{"taxonomy":"post_tag","embeddable":true,"href":"https:\/\/lesasturies.org\/index.php\/wp-json\/wp\/v2\/tags?post=1030"}],"curies":[{"name":"wp","href":"https:\/\/api.w.org\/{rel}","templated":true}]}}