{"id":1033,"date":"2024-05-22T09:07:56","date_gmt":"2024-05-22T09:07:56","guid":{"rendered":"https:\/\/lesasturies.org\/?p=1033"},"modified":"2024-05-25T09:09:50","modified_gmt":"2024-05-25T09:09:50","slug":"sindulfo","status":"publish","type":"post","link":"https:\/\/lesasturies.org\/index.php\/2024\/05\/22\/sindulfo\/","title":{"rendered":"Sindulfo"},"content":{"rendered":"\n<p>Cuando Sindulfo Vega emigr\u00f3 a La Argentina, se dio cuenta de que la geograf\u00eda nunca repite el mismo suelo aunque el cielo sea com\u00fan. \u00c9l era oriundo de Amieva y extra\u00f1aba los cuetos de Pierzu, la er\u00eda de Cirie\u00f1u, los invernales y el relieve, cosas que uno puede llevarse consigo en la imaginaci\u00f3n, pero no en el bolsillo.<\/p>\n\n\n\n<p>As\u00ed que en uno de los viajes entre la patria chica y la tierra que le daba de comer, decidi\u00f3 meter en la maleta de vuelta algunos compa\u00f1eros vegetales. Las plantas, hijas del suelo, jam\u00e1s se emancipan de \u00e9l, pero sirven a quienes se mueven y hacen paisaje. Sindulfo meti\u00f3 en la maleta un \u00e1rgoma, un helecho y dos esquejes: uno de pescal y otro de ablanu.<\/p>\n\n\n\n<p>La maleta era de cruzar mares, con hebillas y correas que cinchaban su alrededor para descartar la apertura involuntaria, y en ella viajaron las cuatro plantas camino de Buenos Aires, antes de que las leyes se pusieran torpes para el tr\u00e1fico individual. Pero no queda en Amieva nadie que sepa dilucidar por qu\u00e9 eligi\u00f3 Sindulfo aquellas plantas concretas, m\u00e1s all\u00e1 de los piescos o las avellanas si las varas llegasen a prender.<\/p>\n\n\n\n<p>Nadie sabe a ciencia cierta, qu\u00e9 pensaba obtener con el \u00e1rgoma y el jelechu, especies due\u00f1as de les cuestes de Pierzu de las que Sindulfo, como cualquier campesino de Las Asturias no pod\u00eda declararse otra cosa que adversario, m\u00e1s all\u00e1 del rozu pa mullir en tiempu de corte. Quiz\u00e1 la infancia, y con ella la tierra recordada: \u201c<em>el trabajo de los cr\u00edos vale poco, pero quien lo desperdicia est\u00e1 loco<\/em>\u201d, se dec\u00eda, cuando en los veranos de herba, a los rapaces, se les encomendaba retirar \u00e1rgomas y jelechos de los marallos.<\/p>\n","protected":false},"excerpt":{"rendered":"<p>Cuando Sindulfo Vega emigr\u00f3 a La Argentina, se dio cuenta de que la geograf\u00eda nunca repite el mismo suelo aunque el cielo sea com\u00fan. \u00c9l era oriundo de Amieva y extra\u00f1aba los cuetos de Pierzu, la er\u00eda de Cirie\u00f1u, los invernales y el relieve, cosas que uno puede llevarse consigo en la imaginaci\u00f3n, pero no [&hellip;]<\/p>\n","protected":false},"author":1,"featured_media":0,"comment_status":"closed","ping_status":"closed","sticky":false,"template":"","format":"standard","meta":{"_et_pb_use_builder":"off","_et_pb_old_content":"","_et_gb_content_width":"","footnotes":""},"categories":[5,13,6],"tags":[],"class_list":["post-1033","post","type-post","status-publish","format-standard","hentry","category-campesinos","category-comunes","category-la-linea"],"_links":{"self":[{"href":"https:\/\/lesasturies.org\/index.php\/wp-json\/wp\/v2\/posts\/1033","targetHints":{"allow":["GET"]}}],"collection":[{"href":"https:\/\/lesasturies.org\/index.php\/wp-json\/wp\/v2\/posts"}],"about":[{"href":"https:\/\/lesasturies.org\/index.php\/wp-json\/wp\/v2\/types\/post"}],"author":[{"embeddable":true,"href":"https:\/\/lesasturies.org\/index.php\/wp-json\/wp\/v2\/users\/1"}],"replies":[{"embeddable":true,"href":"https:\/\/lesasturies.org\/index.php\/wp-json\/wp\/v2\/comments?post=1033"}],"version-history":[{"count":1,"href":"https:\/\/lesasturies.org\/index.php\/wp-json\/wp\/v2\/posts\/1033\/revisions"}],"predecessor-version":[{"id":1034,"href":"https:\/\/lesasturies.org\/index.php\/wp-json\/wp\/v2\/posts\/1033\/revisions\/1034"}],"wp:attachment":[{"href":"https:\/\/lesasturies.org\/index.php\/wp-json\/wp\/v2\/media?parent=1033"}],"wp:term":[{"taxonomy":"category","embeddable":true,"href":"https:\/\/lesasturies.org\/index.php\/wp-json\/wp\/v2\/categories?post=1033"},{"taxonomy":"post_tag","embeddable":true,"href":"https:\/\/lesasturies.org\/index.php\/wp-json\/wp\/v2\/tags?post=1033"}],"curies":[{"name":"wp","href":"https:\/\/api.w.org\/{rel}","templated":true}]}}