{"id":1040,"date":"2024-06-03T21:12:15","date_gmt":"2024-06-03T21:12:15","guid":{"rendered":"https:\/\/lesasturies.org\/?p=1040"},"modified":"2024-06-08T21:13:27","modified_gmt":"2024-06-08T21:13:27","slug":"cine-africano","status":"publish","type":"post","link":"https:\/\/lesasturies.org\/index.php\/2024\/06\/03\/cine-africano\/","title":{"rendered":"Cine africano"},"content":{"rendered":"\n<p>La iniciativa no puede estar m\u00e1s cargada de acierto. El Festival de Cine Africano \u201cTarifa | T\u00e1nger\u201d (FCAT) cumple en su 21 edici\u00f3n con el objetivo de llevar \u201c\u00c1frica y su di\u00e1spora\u201d a las pantallas, y con la misma apertura de diafragma, llama a participar a cualquier persona \u201cafricana o afrodescendiente\u201d. Llevada al extremo la condici\u00f3n, cualquier ser humano del planeta podr\u00eda inscribirse en el certamen, pues el ADN del sapiens actual procede de una oleada africana originada en el continente en torno a unos 70.000 a\u00f1os de antig\u00fcedad, y en t\u00e9rminos gen\u00e9ticos, hace d\u00e9cadas que la Antropolog\u00eda molecular sabe que todos somos \u201cafrodescencientes\u201d.<\/p>\n\n\n\n<p>As\u00ed que la Asociaci\u00f3n Al Tarab, promotora del festival, hace muy bien abriendo de par en par las ventanas a la participaci\u00f3n, con las iniciales de Tarifa y T\u00e1nger operando aqu\u00ed como cabezas de puente y brindando a los amantes del cine la posibilidad de reducir la ignorancia de continente.&nbsp;<\/p>\n\n\n\n<p>Porque \u00c1frica contin\u00faa siendo un espacio desconocido, tambi\u00e9n est\u00e9ticamente. Europa no consigue sacudirse de encima la miop\u00eda colonial ni el \u201cneotarzanismo\u201d, interesante concepto del escritor nigeriano Wole Soyinka, quien hace de espejo a ese turista accidental que contin\u00faa viendo tribus, bosques y machetes en un continente tan enorme como plural. Es decir, simplificaci\u00f3n y ninguneo de todo cuanto ocurre al otro lado de la empalizada (mental).<\/p>\n\n\n\n<p>De modo que conviene saludar la toma de conciencia y poder de ese inmenso sujeto que es \u00c1frica, y m\u00e1s ahora, que est\u00e1n quedando varadas por falta de ideas la producciones occidentales. A su favor, el FCAT abre la ventana del cine a los ojos del mundo en relatos de sello propio, nacidos con esa vocaci\u00f3n de \u201crally invertido\u201d que ya tuvo el Festival de las Artes Negras de 1966, celebrado en Dakar.<\/p>\n","protected":false},"excerpt":{"rendered":"<p>La iniciativa no puede estar m\u00e1s cargada de acierto. El Festival de Cine Africano \u201cTarifa | T\u00e1nger\u201d (FCAT) cumple en su 21 edici\u00f3n con el objetivo de llevar \u201c\u00c1frica y su di\u00e1spora\u201d a las pantallas, y con la misma apertura de diafragma, llama a participar a cualquier persona \u201cafricana o afrodescendiente\u201d. Llevada al extremo la [&hellip;]<\/p>\n","protected":false},"author":1,"featured_media":0,"comment_status":"closed","ping_status":"closed","sticky":false,"template":"","format":"standard","meta":{"_et_pb_use_builder":"off","_et_pb_old_content":"","_et_gb_content_width":"","footnotes":""},"categories":[14,18],"tags":[],"class_list":["post-1040","post","type-post","status-publish","format-standard","hentry","category-arte","category-el-faro-de-ceuta"],"_links":{"self":[{"href":"https:\/\/lesasturies.org\/index.php\/wp-json\/wp\/v2\/posts\/1040","targetHints":{"allow":["GET"]}}],"collection":[{"href":"https:\/\/lesasturies.org\/index.php\/wp-json\/wp\/v2\/posts"}],"about":[{"href":"https:\/\/lesasturies.org\/index.php\/wp-json\/wp\/v2\/types\/post"}],"author":[{"embeddable":true,"href":"https:\/\/lesasturies.org\/index.php\/wp-json\/wp\/v2\/users\/1"}],"replies":[{"embeddable":true,"href":"https:\/\/lesasturies.org\/index.php\/wp-json\/wp\/v2\/comments?post=1040"}],"version-history":[{"count":1,"href":"https:\/\/lesasturies.org\/index.php\/wp-json\/wp\/v2\/posts\/1040\/revisions"}],"predecessor-version":[{"id":1041,"href":"https:\/\/lesasturies.org\/index.php\/wp-json\/wp\/v2\/posts\/1040\/revisions\/1041"}],"wp:attachment":[{"href":"https:\/\/lesasturies.org\/index.php\/wp-json\/wp\/v2\/media?parent=1040"}],"wp:term":[{"taxonomy":"category","embeddable":true,"href":"https:\/\/lesasturies.org\/index.php\/wp-json\/wp\/v2\/categories?post=1040"},{"taxonomy":"post_tag","embeddable":true,"href":"https:\/\/lesasturies.org\/index.php\/wp-json\/wp\/v2\/tags?post=1040"}],"curies":[{"name":"wp","href":"https:\/\/api.w.org\/{rel}","templated":true}]}}