{"id":1053,"date":"2024-06-24T11:16:00","date_gmt":"2024-06-24T11:16:00","guid":{"rendered":"https:\/\/lesasturies.org\/?p=1053"},"modified":"2024-06-29T23:18:38","modified_gmt":"2024-06-29T23:18:38","slug":"frida-y-nosotros","status":"publish","type":"post","link":"https:\/\/lesasturies.org\/index.php\/2024\/06\/24\/frida-y-nosotros\/","title":{"rendered":"Frida y nosotros"},"content":{"rendered":"\n<p>La danza es una de las artes de la resistencia. Con el teatro, compone ese espacio singular donde la presencia f\u00edsica se vuelve imprescindible, poniendo a salvo de las m\u00e1quinas, la inteligencia natural. Para bailar o actuar es necesario \u201crepresentar\u201d, volver a aparecer de verdad ante los ojos y los o\u00eddos del otro, y eso supone liberarse de la mediaci\u00f3n digital, ensayando el cuerpo a cuerpo. En el amor, en la guerra y en el arte, la realidad.<\/p>\n\n\n\n<p>Tiene suerte Ceuta de poder mirarse a si misma en el interior de El Revell\u00edn. En el espect\u00e1culo de ballet contempor\u00e1neo de la Academia Lesmes, la ciudad pudo verse encarnada de un modo penetrante. La elecci\u00f3n de Frida Kahlo para vertebrar la puesta en escena, dobl\u00f3 el acierto: la pintora derrocha color y pedagog\u00eda, tanto en obra como en vida, ense\u00f1ando a todas las mujeres y a los hombres que caminan a su lado que el dolor y color no se cierran el paso. El tortuoso camino de tratamientos y recuperaciones a las que se vio sometida, fueron empleados como materia en la paleta de la pintora, que naci\u00f3 y muri\u00f3 en Coayac\u00e1n, Ciudad de M\u00e9xico, a los 47 a\u00f1os de edad.<\/p>\n\n\n\n<p>Pero hay m\u00e1s lecci\u00f3n entre Frida y nosotros: mirarse en el espejo no implica narcisismo si la imagen es transitiva. La historia personal de la autora, con lesiones y destellos, va poniendo al espectador frente e la suya, brindando motivos para la reflexi\u00f3n a partir del propio cuerpo y sus estados. El mexicanismo de su pintura indica tambi\u00e9n que no hace falta salir de uno mismo para viajar al exterior, como el brillante espect\u00e1culo de la Escuela de Danza, con sello de la propia ciudad, ha demostrado en escena.<\/p>\n","protected":false},"excerpt":{"rendered":"<p>La danza es una de las artes de la resistencia. Con el teatro, compone ese espacio singular donde la presencia f\u00edsica se vuelve imprescindible, poniendo a salvo de las m\u00e1quinas, la inteligencia natural. Para bailar o actuar es necesario \u201crepresentar\u201d, volver a aparecer de verdad ante los ojos y los o\u00eddos del otro, y eso [&hellip;]<\/p>\n","protected":false},"author":1,"featured_media":0,"comment_status":"closed","ping_status":"closed","sticky":false,"template":"","format":"standard","meta":{"_et_pb_use_builder":"off","_et_pb_old_content":"","_et_gb_content_width":"","footnotes":""},"categories":[14,18,11],"tags":[],"class_list":["post-1053","post","type-post","status-publish","format-standard","hentry","category-arte","category-el-faro-de-ceuta","category-mujeres"],"_links":{"self":[{"href":"https:\/\/lesasturies.org\/index.php\/wp-json\/wp\/v2\/posts\/1053","targetHints":{"allow":["GET"]}}],"collection":[{"href":"https:\/\/lesasturies.org\/index.php\/wp-json\/wp\/v2\/posts"}],"about":[{"href":"https:\/\/lesasturies.org\/index.php\/wp-json\/wp\/v2\/types\/post"}],"author":[{"embeddable":true,"href":"https:\/\/lesasturies.org\/index.php\/wp-json\/wp\/v2\/users\/1"}],"replies":[{"embeddable":true,"href":"https:\/\/lesasturies.org\/index.php\/wp-json\/wp\/v2\/comments?post=1053"}],"version-history":[{"count":1,"href":"https:\/\/lesasturies.org\/index.php\/wp-json\/wp\/v2\/posts\/1053\/revisions"}],"predecessor-version":[{"id":1054,"href":"https:\/\/lesasturies.org\/index.php\/wp-json\/wp\/v2\/posts\/1053\/revisions\/1054"}],"wp:attachment":[{"href":"https:\/\/lesasturies.org\/index.php\/wp-json\/wp\/v2\/media?parent=1053"}],"wp:term":[{"taxonomy":"category","embeddable":true,"href":"https:\/\/lesasturies.org\/index.php\/wp-json\/wp\/v2\/categories?post=1053"},{"taxonomy":"post_tag","embeddable":true,"href":"https:\/\/lesasturies.org\/index.php\/wp-json\/wp\/v2\/tags?post=1053"}],"curies":[{"name":"wp","href":"https:\/\/api.w.org\/{rel}","templated":true}]}}