{"id":1524,"date":"2025-09-04T17:14:00","date_gmt":"2025-09-04T17:14:00","guid":{"rendered":"https:\/\/lesasturies.org\/?p=1524"},"modified":"2025-09-20T17:58:08","modified_gmt":"2025-09-20T17:58:08","slug":"el-presente-continuo-de-juan-puertu","status":"publish","type":"post","link":"https:\/\/lesasturies.org\/index.php\/2025\/09\/04\/el-presente-continuo-de-juan-puertu\/","title":{"rendered":"El presente continuo de Juan Puertu"},"content":{"rendered":"\n<p>Majada de Manzaneda. Sierra de Cuera. Imagen: Xulio Concepcion.<\/p>\n\n\n\n<p><strong>El presente continuo de Juan Puertu<\/strong>. <strong>Historia y lenguaje en las majadas de Cuera<\/strong>.<\/p>\n\n\n\n<p><strong>Gonzalo Barrena<\/strong>.<\/p>\n\n\n\n<p>La conversaci\u00f3n con Juan \u201cel de Las Mellizas\u201d fluye como la fuente La P\u00e1jara, que nunca se seca, trayendo d\u00e9cadas al presente con frescura, sin un \u00e1pice de resentimiento ni idealizaci\u00f3n. El recuento de los episodios convalida un buen manual de historia por escribir y arranca en la primera mitad de los 40, siempre en Cuera. A \u00e9l, como a tantos, los echaban con muy pocos a\u00f1os al puerto, aunque no todos lo convirtieron en apellido: a Juan se le conoce mayormente en Cabrales como Juan Puertu.<\/p>\n\n\n\n<p>En el entonces de Cuera, echaban humo veintis\u00e9is caba\u00f1as en las majadas de Carre\u00f1a: Manzaneda, Julespina, Abeduliu y Llapudia, m\u00e1s las dos que&nbsp;<em>se a\u00f1eraban<\/em>&nbsp;en Jougieru. Solo otros dos pueblos del Concejo soltaban al norte: Asiegu a Bra\u00f1es, y Arangas a tres sitios: El Cantu, Aba y Ria\u00f1a. El resto de las parroquias cabraliegas enviaban la reciella al sur, rumbo a Los Picos, en toda una asimetr\u00eda territorial. Juan sub\u00eda con una t\u00eda mayor porque en el pueblo, hombres y madres,&nbsp;<em>andaban a herba de sol a sol<\/em>.<\/p>\n\n\n\n<p>El habla de Juan Puertu desgrana con soltura el pasado reciente de Cabrales, desde 1941 y su nacimiento el El Parmentar &#8211;<em>entonces no se iba a nacer a ning\u00fan sitiu, hiju<\/em>&#8211; hasta hoy en La B\u00e1rcena, otro barrio de Carre\u00f1a donde atiende de su mano un pu\u00f1ado de gallinas. Sin embargo, la patria grande de Juan se asienta en Manzaneda, la majada de Cuera en la que pasaba los veranos de d\u00edas infinitos&nbsp;<em>jaciendo quesu podre &#8211;<\/em>las piezas grandes- y<em>&nbsp;cuayaos<\/em>, los quesos chicos que bajaban los s\u00e1bados a Carre\u00f1a, al mercado semanal. All\u00ed acud\u00edan tratantes de La Pola y otras villas en busca de lo que Cabrales aportaba al universo del comercio: quesos, lana, ganado, gallinas, pieles -curtidas o frescas- de raposu o gato mont\u00e9s, que eran muy apreciadas. Hab\u00eda quien aquellos d\u00edas de mercado&nbsp;<em>vend\u00eda hasta la dielda&nbsp;<\/em>-el cuajo- una expresi\u00f3n certera que describe la potencia de los intercambios.<\/p>\n\n\n\n<p>Tambi\u00e9n hubo tiempos de dificultad, inciertos, con demasiada posguerra a cuestas:&nbsp;<em>en los jergones de capulla, hab\u00eda noches que no sonaba ni una jueya\u2026<\/em>&nbsp;<em>y aunque no se pasaba hambre en el puertu porque siempre hab\u00eda leche y borona, tampoco hab\u00eda muchu \u00f3nde escoger<\/em>. Pero tambi\u00e9n hubo d\u00edas&nbsp;<em>negros como un tenobre<\/em>, pues la fatalidad visitaba de vez en cuando a las familias campesinas. \u00c1 \u00e9l no le toc\u00f3 la p\u00e9rdida de la hermana mayor, que se fue con a\u00f1o y medio, pero s\u00ed la muerte de Jos\u00e9, el de seis a\u00f1os que jugaba con \u00e9l: \u00bf\u00f3<em>nde est\u00e1 Pepe<\/em>?, preguntaba, sin que el aire diera respuesta del ausente. En su casa, con los dos fallecidos prematuramente, Geli, Jos\u00e9 Manuel y Juan Tom\u00e1s, que es \u00e9l, fueron cinco los hijos de Jos\u00e9 y Clementina.<\/p>\n\n\n\n<p>A los ochenta y cuatro a\u00f1os de lucidez plena, sus d\u00edas de solio siguen discurriendo en el puerto, tiempo de juventud desbordante y noches ub\u00e9rrimas, como las que pasaban&nbsp;<em>a conceju tras la llabor, si estaba bueno, y si orbayaba, en la caba\u00f1a de Dora, que era la m\u00e1s grande. Una noche \u00e9ramos tantos all\u00e1 que rompi\u00f3 la viga y nos fuimos todos abaju. Pero, oye: no se march\u00f3 nadie de all\u00ed hasta que se compuso el till\u00e1u<\/em>.<\/p>\n\n\n\n<p>Hoy, todo ese patrimonio se vuelve presente para quienes saben escuchar a Juan Puertu, especialmente cuidadoso a la hora de comunicar su conocimiento. Con los cr\u00edos, Juan Tom\u00e1s es tierno y firme a la vez, atestando de \u00e9tica y est\u00e9tica el panorama que despliega en su caba\u00f1a, sin otra cobertura que el excepcional modo de contar.<\/p>\n\n\n\n<p>_________________<\/p>\n\n\n\n<p>Semanario El Fielato, 4 de septiembre, 2025.<\/p>\n\n\n\n<figure class=\"wp-block-gallery has-nested-images columns-default is-cropped wp-block-gallery-1 is-layout-flex wp-block-gallery-is-layout-flex\">\n<figure class=\"wp-block-image size-large\"><img loading=\"lazy\" decoding=\"async\" width=\"768\" height=\"1024\" data-id=\"1526\" src=\"https:\/\/lesasturies.org\/wp-content\/uploads\/2025\/09\/Juan-y-Carlos-en-Cuera-768x1024.jpeg\" alt=\"\" class=\"wp-image-1526\"\/><figcaption class=\"wp-element-caption\">Juan Puerto con Carlos en Manzaneda<\/figcaption><\/figure>\n\n\n\n<figure class=\"wp-block-image size-large\"><img loading=\"lazy\" decoding=\"async\" width=\"768\" height=\"1024\" data-id=\"1530\" src=\"https:\/\/lesasturies.org\/wp-content\/uploads\/2025\/09\/La-cabana-en-Manzaneda-768x1024.jpeg\" alt=\"\" class=\"wp-image-1530\"\/><figcaption class=\"wp-element-caption\">La caba\u00f1a<\/figcaption><\/figure>\n<\/figure>\n\n\n\n<hr class=\"wp-block-separator has-alpha-channel-opacity\"\/>\n\n\n\n<div class=\"wp-block-buttons is-content-justification-center is-layout-flex wp-container-core-buttons-is-layout-16018d1d wp-block-buttons-is-layout-flex\">\n<div class=\"wp-block-button is-style-fill\"><a class=\"wp-block-button__link has-vivid-cyan-blue-background-color has-background wp-element-button\" href=\"https:\/\/lesasturies.org\/wp-content\/uploads\/2025\/09\/Juan-Puertu.pdf\" target=\"_blank\" rel=\"noreferrer noopener\">Versi\u00f3n en papel<\/a><\/div>\n<\/div>\n","protected":false},"excerpt":{"rendered":"<p>Majada de Manzaneda. Sierra de Cuera. Imagen: Xulio Concepcion. El presente continuo de Juan Puertu. Historia y lenguaje en las majadas de Cuera. Gonzalo Barrena. La conversaci\u00f3n con Juan \u201cel de Las Mellizas\u201d fluye como la fuente La P\u00e1jara, que nunca se seca, trayendo d\u00e9cadas al presente con frescura, sin un \u00e1pice de resentimiento ni [&hellip;]<\/p>\n","protected":false},"author":1,"featured_media":1525,"comment_status":"closed","ping_status":"closed","sticky":false,"template":"","format":"standard","meta":{"_et_pb_use_builder":"off","_et_pb_old_content":"","_et_gb_content_width":"","footnotes":""},"categories":[5,6,10,12],"tags":[],"class_list":["post-1524","post","type-post","status-publish","format-standard","has-post-thumbnail","hentry","category-campesinos","category-la-linea","category-llingua","category-lugares"],"_links":{"self":[{"href":"https:\/\/lesasturies.org\/index.php\/wp-json\/wp\/v2\/posts\/1524","targetHints":{"allow":["GET"]}}],"collection":[{"href":"https:\/\/lesasturies.org\/index.php\/wp-json\/wp\/v2\/posts"}],"about":[{"href":"https:\/\/lesasturies.org\/index.php\/wp-json\/wp\/v2\/types\/post"}],"author":[{"embeddable":true,"href":"https:\/\/lesasturies.org\/index.php\/wp-json\/wp\/v2\/users\/1"}],"replies":[{"embeddable":true,"href":"https:\/\/lesasturies.org\/index.php\/wp-json\/wp\/v2\/comments?post=1524"}],"version-history":[{"count":4,"href":"https:\/\/lesasturies.org\/index.php\/wp-json\/wp\/v2\/posts\/1524\/revisions"}],"predecessor-version":[{"id":1534,"href":"https:\/\/lesasturies.org\/index.php\/wp-json\/wp\/v2\/posts\/1524\/revisions\/1534"}],"wp:featuredmedia":[{"embeddable":true,"href":"https:\/\/lesasturies.org\/index.php\/wp-json\/wp\/v2\/media\/1525"}],"wp:attachment":[{"href":"https:\/\/lesasturies.org\/index.php\/wp-json\/wp\/v2\/media?parent=1524"}],"wp:term":[{"taxonomy":"category","embeddable":true,"href":"https:\/\/lesasturies.org\/index.php\/wp-json\/wp\/v2\/categories?post=1524"},{"taxonomy":"post_tag","embeddable":true,"href":"https:\/\/lesasturies.org\/index.php\/wp-json\/wp\/v2\/tags?post=1524"}],"curies":[{"name":"wp","href":"https:\/\/api.w.org\/{rel}","templated":true}]}}