{"id":1657,"date":"2025-11-19T16:50:07","date_gmt":"2025-11-19T16:50:07","guid":{"rendered":"https:\/\/lesasturies.org\/?p=1657"},"modified":"2025-11-20T17:02:53","modified_gmt":"2025-11-20T17:02:53","slug":"la-llama-encesa","status":"publish","type":"post","link":"https:\/\/lesasturies.org\/index.php\/2025\/11\/19\/la-llama-encesa\/","title":{"rendered":"La llama encesa"},"content":{"rendered":"\n<p>Crisantemos en la er\u00eda de Avalle, Parres.<\/p>\n\n\n\n<p>El Fielato, 19 de noviembre, 2025.<\/p>\n\n\n\n<h2 class=\"wp-block-heading\">La llama encesa<\/h2>\n\n\n\n<p><strong>Gonzalo Barrena.<\/strong><\/p>\n\n\n\n<p>Va concluyendo el oto\u00f1o y la primavera se agazapa en las yemas de los frutales. V\u00e9se bien en los manzanos, que sueltan las \u00faltimas hojas pero conservan los brotes, durmientes, preparados para invernar. Las primeras heladas est\u00e1n haci\u00e9ndose esperar, aunque sea su tiempo, espantadas por el viento sur que se adue\u00f1\u00f3 de noviembre. Entretanto, los huertos se benefician de la bonanza y los crisantemos sobrantes ponen en las vegas un color inesperado. Como los que dej\u00f3 Lourdes, a memoria suya, en la er\u00eda de Avalle, concejo de Parres. A quince d\u00edas de Todos Los Santos, choca ver c\u00f3mo se prodigan -extramuros- los florecimientos.<\/p>\n\n\n\n<p>En las aldeas, apenas va quedando gente que&nbsp;<em>de su mano plantado tenga un huerto<\/em>. Todo se cosecha hoy en las baldas de los supermercados, e incluso los bazares han detectado la ventaja de poner a bajo precio la memoria de los muertos. Por eso dobla la sorpresa de quien camina, primero tropezarse con un huerto, y despu\u00e9s, descubrir en \u00e9l las flores que le han sobrado al mes de octubre. En esta naci\u00f3n cant\u00e1brica lo que hace poco era general hoy es ya casi un milagro.<\/p>\n\n\n\n<p>Qui\u00e9n volver\u00e1 a tapar de geranios rojos los bala\u00fastres del corredor, qui\u00e9n definir\u00e1 la antojana con su firma clara, los aperos recogidos contra el esquinal, ah\u00ed los tiestos m\u00e1s lucidos,&nbsp;<em>en aquela piedra daqu\u00e9 planta<\/em>\u2026qui\u00e9n lo har\u00e1 si el saber se escurre a cada p\u00e9rdida y van sobrando los dedos de las manos para contar las casas donde se siente a\u00fan la voz del ama.<\/p>\n\n\n\n<p>Quiz\u00e1 en el habla cierta de los que faltan, en el lenguaje bien escuchado, lleven las generaciones venideras la yesca, el hierro y el pedernal para volver a tener la llama encesa.<\/p>\n\n\n\n<hr class=\"wp-block-separator has-alpha-channel-opacity\"\/>\n\n\n\n<div class=\"wp-block-buttons is-layout-flex wp-block-buttons-is-layout-flex\">\n<div class=\"wp-block-button\"><a class=\"wp-block-button__link has-vivid-purple-background-color has-background wp-element-button\" href=\"https:\/\/lesasturies.org\/wp-content\/uploads\/2025\/11\/La-llama-encesa.-El-Fielato-19112025.pdf\" target=\"_blank\" rel=\"noreferrer noopener\">El art\u00edculo en papel<\/a><\/div>\n<\/div>\n","protected":false},"excerpt":{"rendered":"<p>Crisantemos en la er\u00eda de Avalle, Parres. El Fielato, 19 de noviembre, 2025. La llama encesa Gonzalo Barrena. Va concluyendo el oto\u00f1o y la primavera se agazapa en las yemas de los frutales. V\u00e9se bien en los manzanos, que sueltan las \u00faltimas hojas pero conservan los brotes, durmientes, preparados para invernar. Las primeras heladas est\u00e1n [&hellip;]<\/p>\n","protected":false},"author":1,"featured_media":1658,"comment_status":"closed","ping_status":"closed","sticky":false,"template":"","format":"standard","meta":{"_et_pb_use_builder":"off","_et_pb_old_content":"","_et_gb_content_width":"","footnotes":""},"categories":[5,6],"tags":[],"class_list":["post-1657","post","type-post","status-publish","format-standard","has-post-thumbnail","hentry","category-campesinos","category-la-linea"],"_links":{"self":[{"href":"https:\/\/lesasturies.org\/index.php\/wp-json\/wp\/v2\/posts\/1657","targetHints":{"allow":["GET"]}}],"collection":[{"href":"https:\/\/lesasturies.org\/index.php\/wp-json\/wp\/v2\/posts"}],"about":[{"href":"https:\/\/lesasturies.org\/index.php\/wp-json\/wp\/v2\/types\/post"}],"author":[{"embeddable":true,"href":"https:\/\/lesasturies.org\/index.php\/wp-json\/wp\/v2\/users\/1"}],"replies":[{"embeddable":true,"href":"https:\/\/lesasturies.org\/index.php\/wp-json\/wp\/v2\/comments?post=1657"}],"version-history":[{"count":4,"href":"https:\/\/lesasturies.org\/index.php\/wp-json\/wp\/v2\/posts\/1657\/revisions"}],"predecessor-version":[{"id":1664,"href":"https:\/\/lesasturies.org\/index.php\/wp-json\/wp\/v2\/posts\/1657\/revisions\/1664"}],"wp:featuredmedia":[{"embeddable":true,"href":"https:\/\/lesasturies.org\/index.php\/wp-json\/wp\/v2\/media\/1658"}],"wp:attachment":[{"href":"https:\/\/lesasturies.org\/index.php\/wp-json\/wp\/v2\/media?parent=1657"}],"wp:term":[{"taxonomy":"category","embeddable":true,"href":"https:\/\/lesasturies.org\/index.php\/wp-json\/wp\/v2\/categories?post=1657"},{"taxonomy":"post_tag","embeddable":true,"href":"https:\/\/lesasturies.org\/index.php\/wp-json\/wp\/v2\/tags?post=1657"}],"curies":[{"name":"wp","href":"https:\/\/api.w.org\/{rel}","templated":true}]}}