{"id":1673,"date":"2025-12-08T08:05:00","date_gmt":"2025-12-08T08:05:00","guid":{"rendered":"https:\/\/lesasturies.org\/?p=1673"},"modified":"2025-12-06T18:14:14","modified_gmt":"2025-12-06T18:14:14","slug":"un-milagro","status":"publish","type":"post","link":"https:\/\/lesasturies.org\/index.php\/2025\/12\/08\/un-milagro\/","title":{"rendered":"Un milagro"},"content":{"rendered":"\n<p>La marquesina de La Rocica en \u00abCapataces\u00bb, su nueva ubicaci\u00f3n, en el barrio de Llaranes. Imagen: Maia Rozada.<\/p>\n\n\n\n<p>La Nueva Espa\u00f1a, 8 de diciembre, 2025.<\/p>\n\n\n\n<h2 class=\"wp-block-heading\">Un milagro<\/h2>\n\n\n\n<p><strong>Gonzalo Barrena<\/strong><\/p>\n\n\n\n<p>A los arquitectos C\u00e1rdenas y Goicoechea, el Avil\u00e9s industrial les debe un buen manojo de aciertos. Entre ellos, la visera que proteg\u00eda la espera del autob\u00fas entre La Rocica y Las Estrellas, pol\u00edgonos de clase media en la ciudad ideal de ENSIDESA.<\/p>\n\n\n\n<p>La marquesina articulaba los flujos entre la arteria de Santa Apolonia y los barrios altos sider\u00fargicos, pero lo hac\u00eda al modo en que resaltan por si mismas las \u201cnaves silenciosas\u201d, interesante concepto de Robert Venturi en la arquitectura industrial. Las \u201cnaves silenciosas\u201d, como las de Balsera por ejemplo, cumplen su funci\u00f3n dentro de un conjunto, pero generan un aura est\u00e9tica a su alrededor sin necesidad de estridencia, despertando esa misma admiraci\u00f3n que generan las personas independientes. La marquesina se bastaba a si misma a la hora de expresar su moderna belleza.<\/p>\n\n\n\n<p>Nada que ver con la pobreza de los tinglados que amparan hoy a quien espera un autob\u00fas. La lucha de clases se acanalla en la ciudad contempor\u00e1nea, donde ya no quedan \u201cparadas\u201d como aquella, pensadas para iniciar con toda dignidad el transporte p\u00fablico. A finales de los 50 perviv\u00eda -Franco inconsciente- la raz\u00f3n constructiva del Movimiento Moderno, y el desarrollismo de los 60\/70 no hab\u00eda dado rienda suelta a\u00fan a su urbanismo salvaje, de bloques irracionales sin ascensor y calles de tierra. La marquesina de La Rocica, como una flor tard\u00eda, expand\u00eda su gracia atrevidamente hasta el borde mismo de la barbarie, la carretera de Avil\u00e9s, de donde quisieron borrarla los urbanistas ciegos y un milagro de \u00faltima hora la salvaguard\u00f3. Un milagro parecido al de la Casa de la Virgen Mar\u00eda, que vol\u00f3 piedra a piedra desde Nazaret a Recanati, en Italia, donde permanece perimetrada por el Santuario de Loreto, cuya virgen es la patrona de la aviaci\u00f3n.<\/p>\n\n\n\n<p>Con menor distancia pero id\u00e9ntica sorpresa, pues los milagros no tienen tama\u00f1o, la visera fue evacuada desde La Rocica a la retaguardia de Llaranes, donde se asolaza actualmente junto a las casas de Capataces, otra secci\u00f3n del platonismo sider\u00fargico. Una legi\u00f3n de ciudadanos conscientes y la luz de Rub\u00e9n Dom\u00ednguez, historiador y gestor del Patrimonio, engrasaron el traslado, convenciendo de su oportunidad al <em>C\u00e1rtel de Los Otros<\/em>, o pol\u00edticos.<\/p>\n\n\n\n<p>____________________________________________<\/p>\n\n\n\n<p>Abajo, la marquesina desde diversos \u00e1ngulos. Im\u00e1genes: Maia Rozada.<\/p>\n\n\n\n<figure class=\"wp-block-gallery has-nested-images columns-default is-cropped wp-block-gallery-1 is-layout-flex wp-block-gallery-is-layout-flex\">\n<figure class=\"wp-block-image size-large\"><img loading=\"lazy\" decoding=\"async\" width=\"768\" height=\"1024\" data-id=\"1675\" src=\"https:\/\/lesasturies.org\/wp-content\/uploads\/2025\/12\/Marquesina-2-768x1024.jpeg\" alt=\"\" class=\"wp-image-1675\"\/><\/figure>\n\n\n\n<figure class=\"wp-block-image size-large\"><img loading=\"lazy\" decoding=\"async\" width=\"768\" height=\"1024\" data-id=\"1677\" src=\"https:\/\/lesasturies.org\/wp-content\/uploads\/2025\/12\/Marquesina-3-768x1024.jpeg\" alt=\"\" class=\"wp-image-1677\"\/><\/figure>\n\n\n\n<figure class=\"wp-block-image size-large\"><img loading=\"lazy\" decoding=\"async\" width=\"768\" height=\"1024\" data-id=\"1676\" src=\"https:\/\/lesasturies.org\/wp-content\/uploads\/2025\/12\/Marquesina-4-768x1024.jpeg\" alt=\"\" class=\"wp-image-1676\"\/><\/figure>\n<\/figure>\n","protected":false},"excerpt":{"rendered":"<p>La marquesina de La Rocica en \u00abCapataces\u00bb, su nueva ubicaci\u00f3n, en el barrio de Llaranes. Imagen: Maia Rozada. La Nueva Espa\u00f1a, 8 de diciembre, 2025. Un milagro Gonzalo Barrena A los arquitectos C\u00e1rdenas y Goicoechea, el Avil\u00e9s industrial les debe un buen manojo de aciertos. Entre ellos, la visera que proteg\u00eda la espera del autob\u00fas [&hellip;]<\/p>\n","protected":false},"author":1,"featured_media":1674,"comment_status":"closed","ping_status":"closed","sticky":false,"template":"","format":"standard","meta":{"_et_pb_use_builder":"off","_et_pb_old_content":"","_et_gb_content_width":"","footnotes":""},"categories":[19,26],"tags":[],"class_list":["post-1673","post","type-post","status-publish","format-standard","has-post-thumbnail","hentry","category-arquitectura","category-aviles-y-comarca"],"_links":{"self":[{"href":"https:\/\/lesasturies.org\/index.php\/wp-json\/wp\/v2\/posts\/1673","targetHints":{"allow":["GET"]}}],"collection":[{"href":"https:\/\/lesasturies.org\/index.php\/wp-json\/wp\/v2\/posts"}],"about":[{"href":"https:\/\/lesasturies.org\/index.php\/wp-json\/wp\/v2\/types\/post"}],"author":[{"embeddable":true,"href":"https:\/\/lesasturies.org\/index.php\/wp-json\/wp\/v2\/users\/1"}],"replies":[{"embeddable":true,"href":"https:\/\/lesasturies.org\/index.php\/wp-json\/wp\/v2\/comments?post=1673"}],"version-history":[{"count":2,"href":"https:\/\/lesasturies.org\/index.php\/wp-json\/wp\/v2\/posts\/1673\/revisions"}],"predecessor-version":[{"id":1679,"href":"https:\/\/lesasturies.org\/index.php\/wp-json\/wp\/v2\/posts\/1673\/revisions\/1679"}],"wp:featuredmedia":[{"embeddable":true,"href":"https:\/\/lesasturies.org\/index.php\/wp-json\/wp\/v2\/media\/1674"}],"wp:attachment":[{"href":"https:\/\/lesasturies.org\/index.php\/wp-json\/wp\/v2\/media?parent=1673"}],"wp:term":[{"taxonomy":"category","embeddable":true,"href":"https:\/\/lesasturies.org\/index.php\/wp-json\/wp\/v2\/categories?post=1673"},{"taxonomy":"post_tag","embeddable":true,"href":"https:\/\/lesasturies.org\/index.php\/wp-json\/wp\/v2\/tags?post=1673"}],"curies":[{"name":"wp","href":"https:\/\/api.w.org\/{rel}","templated":true}]}}