{"id":1749,"date":"2026-03-04T08:00:00","date_gmt":"2026-03-04T08:00:00","guid":{"rendered":"https:\/\/lesasturies.org\/?p=1749"},"modified":"2026-03-04T17:50:31","modified_gmt":"2026-03-04T17:50:31","slug":"la-historia-de-carmen","status":"publish","type":"post","link":"https:\/\/lesasturies.org\/index.php\/2026\/03\/04\/la-historia-de-carmen\/","title":{"rendered":"La historia de Carmen"},"content":{"rendered":"\n<p>Norina y Jos\u00e9 Mar\u00eda Remis frente a su caba\u00f1a de Vegarredonda. Imagen: Archivo AFM.<\/p>\n\n\n\n<p>El Fielato, 4 de marzo de 2026.<\/p>\n\n\n\n<h2 class=\"wp-block-heading\">La historia de Carmen<\/h2>\n\n\n\n<p><strong>Gonzalo Barrena.<\/strong><\/p>\n\n\n\n<p>Todo lo que ha pasado antes de nosotros nos compone. Las diecis\u00e9is p\u00e1ginas de \u201c<em><a href=\"https:\/\/lesasturies.org\/wp-content\/uploads\/2026\/03\/Semblanza-de-Los-Remis.pdf\" target=\"_blank\" rel=\"noreferrer noopener\"><strong>Semblanza de los Remis de Vegarredonda, pastores y gu\u00edas del Corni\u00f3n\u2026<\/strong><\/a><\/em>\u201d de Carmen Castro Remis (con acceso libre en Internet) suponen un refugio cierto para esa memoria colectiva que se desliza vertiginosamente hacia el olvido.<\/p>\n\n\n\n<p>La autora, en tiempo de clase y pupitres, ya dejaba entrever la merecida lealtad a toda esa \u201ccivilizaci\u00f3n\u201d (el t\u00e9rmino es de Unamuno) que&nbsp;<em>plagaba<\/em>&nbsp;de conocimiento una tierra compleja y dura. Porque es imposible sobrevivir a los d\u00edas de la pe\u00f1e sin criterio ni medida, porque es muy dif\u00edcil echar adelante reba\u00f1os y familia en medio de la&nbsp;<em>encainada,&nbsp;<\/em>por poner tan solo una de las adversidades que visitan repetidamente las majadas de Los Picos.&nbsp;<\/p>\n\n\n\n<p>Pero entre todas y todos los hacedores de queso y cultura, merecen especial reconocimiento los m\u00e1s sabios, muchos de ellos a la espera del debido reconocimiento. Nora y Jos\u00e9 Mar\u00eda, abuelos de Carmen, lo recibieron de monta\u00f1eros innumerables y de grupos, agradecidos por su inmensa filantrop\u00eda, como se detalla en el pulcro art\u00edculo de la Revista Vetusta, donde la autora&nbsp;<em>echa a cuayu&nbsp;<\/em>la memoria de todo el linaje con una humildad brillante y un inmenso valor transitivo.<\/p>\n\n\n\n<p>Porque el pensamiento y el lenguaje de Los Remis vienen de los siglos, s\u00ed, pero en la rimaya del espacio-tiempo que nos toca vivir se ha abierto una brecha insalvable: a un lado queda el mundo pastor; al otro, un futuro artificial de inteligencia presunta. Y en la fractura son esenciales los botiquines.<\/p>\n\n\n\n<p>La historia de Carmen Castro, por la valiosa herencia de tantos sabios que en su mundo han sido, contiene algunos remedios para paliar el olvido que nos azota.<\/p>\n\n\n\n<hr class=\"wp-block-separator has-alpha-channel-opacity\"\/>\n\n\n\n<hr class=\"wp-block-separator has-alpha-channel-opacity\"\/>\n\n\n\n<div class=\"wp-block-columns is-layout-flex wp-container-core-columns-is-layout-9d6595d7 wp-block-columns-is-layout-flex\">\n<div class=\"wp-block-column is-layout-flow wp-block-column-is-layout-flow\" style=\"flex-basis:100%\">\n<div class=\"wp-block-buttons alignwide is-layout-flex wp-block-buttons-is-layout-flex\">\n<div class=\"wp-block-button is-style-fill\"><a class=\"wp-block-button__link has-vivid-cyan-blue-background-color has-background wp-element-button\" href=\"https:\/\/lesasturies.org\/wp-content\/uploads\/2026\/03\/Semblanza-de-Los-Remis.pdf\" target=\"_blank\" rel=\"noreferrer noopener\">Semblanza de Los Remis PDF<\/a><\/div>\n\n\n\n<div class=\"wp-block-button\"><a class=\"wp-block-button__link has-vivid-cyan-blue-background-color has-background wp-element-button\" href=\"https:\/\/lesasturies.org\/wp-content\/uploads\/2026\/03\/La-historia-de-Carmen.pdf\" target=\"_blank\" rel=\"noreferrer noopener\">El Fielato, ver en papel<\/a><\/div>\n<\/div>\n<\/div>\n<\/div>\n","protected":false},"excerpt":{"rendered":"<p>Norina y Jos\u00e9 Mar\u00eda Remis frente a su caba\u00f1a de Vegarredonda. Imagen: Archivo AFM. El Fielato, 4 de marzo de 2026. La historia de Carmen Gonzalo Barrena. Todo lo que ha pasado antes de nosotros nos compone. Las diecis\u00e9is p\u00e1ginas de \u201cSemblanza de los Remis de Vegarredonda, pastores y gu\u00edas del Corni\u00f3n\u2026\u201d de Carmen Castro [&hellip;]<\/p>\n","protected":false},"author":1,"featured_media":1750,"comment_status":"closed","ping_status":"closed","sticky":false,"template":"","format":"standard","meta":{"_et_pb_use_builder":"off","_et_pb_old_content":"","_et_gb_content_width":"","footnotes":""},"categories":[5,6,12],"tags":[],"class_list":["post-1749","post","type-post","status-publish","format-standard","has-post-thumbnail","hentry","category-campesinos","category-la-linea","category-lugares"],"_links":{"self":[{"href":"https:\/\/lesasturies.org\/index.php\/wp-json\/wp\/v2\/posts\/1749","targetHints":{"allow":["GET"]}}],"collection":[{"href":"https:\/\/lesasturies.org\/index.php\/wp-json\/wp\/v2\/posts"}],"about":[{"href":"https:\/\/lesasturies.org\/index.php\/wp-json\/wp\/v2\/types\/post"}],"author":[{"embeddable":true,"href":"https:\/\/lesasturies.org\/index.php\/wp-json\/wp\/v2\/users\/1"}],"replies":[{"embeddable":true,"href":"https:\/\/lesasturies.org\/index.php\/wp-json\/wp\/v2\/comments?post=1749"}],"version-history":[{"count":14,"href":"https:\/\/lesasturies.org\/index.php\/wp-json\/wp\/v2\/posts\/1749\/revisions"}],"predecessor-version":[{"id":1769,"href":"https:\/\/lesasturies.org\/index.php\/wp-json\/wp\/v2\/posts\/1749\/revisions\/1769"}],"wp:featuredmedia":[{"embeddable":true,"href":"https:\/\/lesasturies.org\/index.php\/wp-json\/wp\/v2\/media\/1750"}],"wp:attachment":[{"href":"https:\/\/lesasturies.org\/index.php\/wp-json\/wp\/v2\/media?parent=1749"}],"wp:term":[{"taxonomy":"category","embeddable":true,"href":"https:\/\/lesasturies.org\/index.php\/wp-json\/wp\/v2\/categories?post=1749"},{"taxonomy":"post_tag","embeddable":true,"href":"https:\/\/lesasturies.org\/index.php\/wp-json\/wp\/v2\/tags?post=1749"}],"curies":[{"name":"wp","href":"https:\/\/api.w.org\/{rel}","templated":true}]}}