{"id":1965,"date":"2026-04-27T07:32:08","date_gmt":"2026-04-27T07:32:08","guid":{"rendered":"https:\/\/lesasturies.org\/?p=1965"},"modified":"2026-05-01T07:40:38","modified_gmt":"2026-05-01T07:40:38","slug":"el-trazo-de-un-avilesino","status":"publish","type":"post","link":"https:\/\/lesasturies.org\/index.php\/2026\/04\/27\/el-trazo-de-un-avilesino\/","title":{"rendered":"El trazo de un avilesino"},"content":{"rendered":"\n<p>Edificio del antiguo \u00abGran Hotel\u00bb, en el Avil\u00e9s de principios del siglo XX: Imagen: Maia Rozada.<\/p>\n\n\n\n<p>La nueva Espa\u00f1a, 27 de abril, 2026.<\/p>\n\n\n\n<h2 class=\"wp-block-heading\">El trazo de un avilesino<\/h2>\n\n\n\n<p><strong>Gonzalo Barrena.<\/strong><\/p>\n\n\n\n<p>Si se introducen en la m\u00e1quina de los deseos tres componentes: pensar la ciudad para visitantes nobles, capital indiano y una arquitectura atr\u00e1palo-todo, brotan edificios residenciales. Es algo propio de toda la Espa\u00f1a cant\u00e1brica y tambi\u00e9n de la comarca, con varias quintas en la periferia de la villa que comparten autor con el Gran Hotel, inaugurado en 1917. Ese sarpullido arquitect\u00f3nico del norte coincide con la tendencia aristo-turista de la capital ib\u00e9rica: el Hotel Ritz (1910) y el Palace (1912) de Madrid son contempor\u00e1neos suyos en una Corte que alfombraba las llegadas ilustres al reino espa\u00f1ol.<\/p>\n\n\n\n<p>Pero el Avil\u00e9s del&nbsp;<em>noveccento<\/em>&nbsp;no estrenaba estilo ni maestro de obras con el siglo, pues su autor, Armando Fern\u00e1ndez Cueto (Avil\u00e9s, 1857-1933), ya lo hab\u00eda sido a finales del XIX en los chalets de Villalegre y en otros dos edificios notables del centro: la Escuela de Artes y Oficios en \u00c1lvarez Acebal, y la sede de la Banca Maribona en plena calle de La C\u00e1mara.<\/p>\n\n\n\n<p>Armando Fern\u00e1ndez Cueto fue un hacedor de esa \u201cArquitectura sin arquitectos en Asturias\u201d (2013) de la que da cuenta H\u00e9ctor Blanco en la obra con la que se alz\u00f3 como vencedor de la XV edici\u00f3n del Premio \u201cRosario Acu\u00f1a\u201d. De nombre en nombre, como de puente en puente, se podr\u00eda trazar tambi\u00e9n la historia sin historiadores de Las Asturias contempor\u00e1neas, porque la redactada por quienes llevan t\u00edtulo suele estar sesgada hacia reyes o pol\u00edticos, los grandes par\u00e1sitos del relato oficial.<\/p>\n\n\n\n<p>Si la cr\u00f3nica de esa villa de entresiglos lleva el sello de Fern\u00e1ndez Cueto se debe a que el avilesino nunca perdi\u00f3 la br\u00fajula local ni se ensimism\u00f3 en ella: sus construcciones estaban impregnadas de modernidad y de sentido, una pulsi\u00f3n genuina de aquel tiempo en que se dibujaba bien. De hecho, Armando Fern\u00e1ndez Cueto se form\u00f3 como tracista en la carpinter\u00eda familiar, buena muestra de que la creaci\u00f3n se materializaba en la \u00fanica patria que existe, la chica, sin que ello impida abrirse al mundo cuando hay talento y voluntad.<\/p>\n\n\n\n<p>Algo parecido a lo que est\u00e1 haciendo ahora Pedro Luis Dom\u00ednguez Quevedo (2001), el joven que se cri\u00f3 en Canarias y proyecta su&nbsp;<em>Baifo<\/em>&nbsp;global sin necesidad de salir del archipi\u00e9lago.<\/p>\n","protected":false},"excerpt":{"rendered":"<p>Edificio del antiguo \u00abGran Hotel\u00bb, en el Avil\u00e9s de principios del siglo XX: Imagen: Maia Rozada. La nueva Espa\u00f1a, 27 de abril, 2026. El trazo de un avilesino Gonzalo Barrena. Si se introducen en la m\u00e1quina de los deseos tres componentes: pensar la ciudad para visitantes nobles, capital indiano y una arquitectura atr\u00e1palo-todo, brotan edificios [&hellip;]<\/p>\n","protected":false},"author":1,"featured_media":1968,"comment_status":"closed","ping_status":"closed","sticky":false,"template":"","format":"standard","meta":{"_et_pb_use_builder":"off","_et_pb_old_content":"","_et_gb_content_width":"","footnotes":""},"categories":[19,26],"tags":[],"class_list":["post-1965","post","type-post","status-publish","format-standard","has-post-thumbnail","hentry","category-arquitectura","category-aviles-y-comarca"],"_links":{"self":[{"href":"https:\/\/lesasturies.org\/index.php\/wp-json\/wp\/v2\/posts\/1965","targetHints":{"allow":["GET"]}}],"collection":[{"href":"https:\/\/lesasturies.org\/index.php\/wp-json\/wp\/v2\/posts"}],"about":[{"href":"https:\/\/lesasturies.org\/index.php\/wp-json\/wp\/v2\/types\/post"}],"author":[{"embeddable":true,"href":"https:\/\/lesasturies.org\/index.php\/wp-json\/wp\/v2\/users\/1"}],"replies":[{"embeddable":true,"href":"https:\/\/lesasturies.org\/index.php\/wp-json\/wp\/v2\/comments?post=1965"}],"version-history":[{"count":1,"href":"https:\/\/lesasturies.org\/index.php\/wp-json\/wp\/v2\/posts\/1965\/revisions"}],"predecessor-version":[{"id":1966,"href":"https:\/\/lesasturies.org\/index.php\/wp-json\/wp\/v2\/posts\/1965\/revisions\/1966"}],"wp:featuredmedia":[{"embeddable":true,"href":"https:\/\/lesasturies.org\/index.php\/wp-json\/wp\/v2\/media\/1968"}],"wp:attachment":[{"href":"https:\/\/lesasturies.org\/index.php\/wp-json\/wp\/v2\/media?parent=1965"}],"wp:term":[{"taxonomy":"category","embeddable":true,"href":"https:\/\/lesasturies.org\/index.php\/wp-json\/wp\/v2\/categories?post=1965"},{"taxonomy":"post_tag","embeddable":true,"href":"https:\/\/lesasturies.org\/index.php\/wp-json\/wp\/v2\/tags?post=1965"}],"curies":[{"name":"wp","href":"https:\/\/api.w.org\/{rel}","templated":true}]}}