{"id":335,"date":"2016-11-24T11:14:26","date_gmt":"2016-11-24T11:14:26","guid":{"rendered":"https:\/\/lesasturies.org\/?p=335"},"modified":"2018-12-25T11:16:47","modified_gmt":"2018-12-25T11:16:47","slug":"un-minuto-para-rita","status":"publish","type":"post","link":"https:\/\/lesasturies.org\/index.php\/2016\/11\/24\/un-minuto-para-rita\/","title":{"rendered":"Un minuto para Rita"},"content":{"rendered":"\n<p>Un minuto para Rita<\/p>\n\n\n\n<p>El desacierto de la instrucci\u00f3n recibida por los diputados de Unidos Podemos es un hecho. Y no porque no sea \u00e9ste el momento de la pol\u00edtica, que casi siempre lo es, sino porque la decisi\u00f3n no ha sido la mejor.<\/p>\n\n\n\n<p>Y no lo ha sido por varias razones. En primer lugar porque quiz\u00e1 no es el momento de la disciplina sino de la libertad. En segundo lugar porque, tambi\u00e9n en este caso, las decisiones hay que someterlas a consideraci\u00f3n colectiva, horizontal, democr\u00e1tica. Tampoco era hoy el momento de las c\u00fapulas.<\/p>\n\n\n\n<p>Y en tercer lugar porque en la muerte de una persona, como en los desahucios, hay que pararse delante del sujeto humano y pensar, y nunca pasar por encima con los axiomas. Estimados compa\u00f1eros y compa\u00f1eras, si la intenci\u00f3n era significar que nuestra formaci\u00f3n no quiere sumarse a la hipocres\u00eda del hemiciclo, que en eso consist\u00eda el minuto, habr\u00eda que haberlo transmito de otro modo. Por ejemplo as\u00ed:&nbsp;<\/p>\n\n\n\n<p><em>\u201cSe\u00f1or\u00edas, la diputada Rita Barber\u00e1 acaba de fallecer animada, entre otras razones, por la actitud de su propio partido y presuntos compa\u00f1eros, quienes eludiendo la responsabilidad compartida en los hechos que la justicia le imputaba, prefirieron vincular su persona f\u00edsica y emocional a los cargos, dej\u00e1ndola fuera, dej\u00e1ndola a un lado. Nosotras y nosotros, los diputados de Unidos Podemos acompa\u00f1amos en el sentimiento a sus familiares y mantenemos ese minuto de silencio, ante la persona y senadora que fallece, fuera del hemiciclo y lejos de su impostura\u201d.<\/em><\/p>\n","protected":false},"excerpt":{"rendered":"<p>Un minuto para Rita El desacierto de la instrucci\u00f3n recibida por los diputados de Unidos Podemos es un hecho. Y no porque no sea \u00e9ste el momento de la pol\u00edtica, que casi siempre lo es, sino porque la decisi\u00f3n no ha sido la mejor. Y no lo ha sido por varias razones. En primer lugar [&hellip;]<\/p>\n","protected":false},"author":1,"featured_media":0,"comment_status":"open","ping_status":"open","sticky":false,"template":"","format":"standard","meta":{"_et_pb_use_builder":"off","_et_pb_old_content":"","_et_gb_content_width":"","footnotes":""},"categories":[13,3],"tags":[],"class_list":["post-335","post","type-post","status-publish","format-standard","hentry","category-comunes","category-politicos"],"_links":{"self":[{"href":"https:\/\/lesasturies.org\/index.php\/wp-json\/wp\/v2\/posts\/335","targetHints":{"allow":["GET"]}}],"collection":[{"href":"https:\/\/lesasturies.org\/index.php\/wp-json\/wp\/v2\/posts"}],"about":[{"href":"https:\/\/lesasturies.org\/index.php\/wp-json\/wp\/v2\/types\/post"}],"author":[{"embeddable":true,"href":"https:\/\/lesasturies.org\/index.php\/wp-json\/wp\/v2\/users\/1"}],"replies":[{"embeddable":true,"href":"https:\/\/lesasturies.org\/index.php\/wp-json\/wp\/v2\/comments?post=335"}],"version-history":[{"count":1,"href":"https:\/\/lesasturies.org\/index.php\/wp-json\/wp\/v2\/posts\/335\/revisions"}],"predecessor-version":[{"id":336,"href":"https:\/\/lesasturies.org\/index.php\/wp-json\/wp\/v2\/posts\/335\/revisions\/336"}],"wp:attachment":[{"href":"https:\/\/lesasturies.org\/index.php\/wp-json\/wp\/v2\/media?parent=335"}],"wp:term":[{"taxonomy":"category","embeddable":true,"href":"https:\/\/lesasturies.org\/index.php\/wp-json\/wp\/v2\/categories?post=335"},{"taxonomy":"post_tag","embeddable":true,"href":"https:\/\/lesasturies.org\/index.php\/wp-json\/wp\/v2\/tags?post=335"}],"curies":[{"name":"wp","href":"https:\/\/api.w.org\/{rel}","templated":true}]}}