{"id":364,"date":"2016-10-24T16:01:31","date_gmt":"2016-10-24T16:01:31","guid":{"rendered":"https:\/\/lesasturies.org\/?p=364"},"modified":"2018-12-26T16:03:26","modified_gmt":"2018-12-26T16:03:26","slug":"carta-a-los-comunistas-asturianos","status":"publish","type":"post","link":"https:\/\/lesasturies.org\/index.php\/2016\/10\/24\/carta-a-los-comunistas-asturianos\/","title":{"rendered":"Carta a los comunistas asturianos"},"content":{"rendered":"\n<p>CARTA A LOS COMUNISTAS ASTURIANOS<\/p>\n\n\n\n<p>Esta carta va dirigida a quienes tengan a bien considerarse \u201ccomunistas\u201d, y formen parte de su bandera asturiana. Sin llegar a invitarles al parricidio [pol\u00edtico], por la naturaleza jur\u00e1sica, cardenalicia y premarxista de su presunta \u00e9lite, pero como cualquier dial\u00e9ctica con ella es inviable por anquilosamiento, este texto llama a la supervivencia del sentido cr\u00edtico de la militancia y, por lo tanto, a la sedici\u00f3n. Y si la carta empieza fuerte es porque, tomando prestada la idea de Garc\u00eda M\u00e1rquez, en Asturias se anuncia -tanto como se busca- la muerte de un movimiento.<\/p>\n\n\n\n<p>Ser comunista es algo digno del m\u00e1ximo respeto. Muchos no lo somos, con envidia, porque la condici\u00f3n requiere una generosidad de la que nos vemos incapaces. El m\u00e1s bello lema, el del comunismo (como ya se escribi\u00f3 en este espacio), orienta como un punto cardinal, ciertamente, pero es igual de inalcanzable. Por eso respetamos y renunciamos muchos a ser comunistas; y no por otra cosa.<\/p>\n\n\n\n<p>Pero si casi se invita desde aqu\u00ed al magnicidio [pol\u00edtico] es por la desacertada pedagog\u00eda en que ha ca\u00eddo la direcci\u00f3n del PCA, \u201corientando\u201d primero en los avales, y ahora apurando el voto, de su siempre estoica militancia.<\/p>\n\n\n\n<p>La desacertada pedagog\u00eda del Astur-Komitern se parece a esos intentos ib\u00e9ricos de cine negro, al estilo Torrente o Garci, que no llegan al g\u00e9nero por culpa de lo espa\u00f1ol. Como en el cine, una falla absurda atraviesa la tanda de resoluciones, que dejan perpleja a toda persona que crea en la democracia, la libertad y, si me apuran, en la l\u00f3gica elemental. Conviene recordar que Izquierda Xunida est\u00e1 en pleno celo de Primarias, un fruto de esta primavera celt\u00edbera que, desde el 15 M, venimos disfrutando. Las pedrisca de resoluciones que cae por aqu\u00ed, en el norte, sobre la nuca de los comunistas asturianos, amenaza esa democracia naciente en las entra\u00f1as de los partidos, y les jode la fiesta a los compas.<\/p>\n\n\n\n<p>Dir\u00e1n que no me meta, me descalificar\u00e1n por la cr\u00edtica, balbucear\u00e1n que esa pr\u00e1ctica es algo a lo que tienen derecho las organizaciones\u2026pero no: son disculpas de maltratador. En mi infancia escuchaba discutir a los mayores acerca de si se pod\u00eda meter uno en la casa de otro, cuando maltrataban a una mujer. Aqu\u00ed estamos ante una especie de la misma incumbencia: las decisiones can\u00f3nicas de los dirigentes del PCA, forzando el voto, van en contra de los compa\u00f1eros de mi organizaci\u00f3n, pues todos ellos son tambi\u00e9n miembros de Izquierda Unida, y tienen ante si el derecho de voto en unas elecciones primarias y abiertas, cuyo car\u00e1cter se ha de respetar. Anda cerca de hacer trampas alinear el voto con monsergas y modos de curia.<\/p>\n\n\n\n<p>Y ahora vamos con la redacci\u00f3n, de insoportable estilo en la forma y en el fondo, del texto que me facilit\u00f3 hoy un compa\u00f1ero de Langreo: a mitad de la encomienda, literalmente, el comunicado del PCA&nbsp; pretende \u201c<em>dar cabida a un m\u00e9todo de organizaci\u00f3n democr\u00e1tico que aleje a IUA de los mecanismos propios de un partido pol\u00edtico<\/em>\u201d. Pues bien, los m\u00e9todos empleados por el Comit\u00e9 Central del PCA, restringiendo la libertad de aval y de voto de sus militantes, en el proceso de Elecciones Primarias, promueven justo lo contrario de esos nuevos modos de implicaci\u00f3n social y pol\u00edtica que se desean.<\/p>\n\n\n\n<p>Poco despu\u00e9s, por si fuera poco, concluye la resoluci\u00f3n: \u201c<em>La opci\u00f3n por la candidatura propuesta por el Partido vincular\u00e1 a toda su militancia<\/em>\u201d, conculcando el r\u00e9gimen abierto que es esencial en un proceso de Elecciones Primarias.<\/p>\n\n\n\n<p>Una redacci\u00f3n tan torpe, en estilo e intenci\u00f3n, desata l\u00f3gicamente una catarata de preguntas inc\u00f3modas: \u00bfconviene al candidato elegido por el Comit\u00e9 ese respaldo?, \u00bfc\u00f3mo se interpreta el verbo \u201cvincular\u201d?, \u00bfhabr\u00e1 represalias?, \u00bfse decantar\u00e1 el voto del resto de IUA, por reacci\u00f3n, hacia opciones no \u201cbendecidas\u201d por el Comit\u00e9?, \u00bfhan de obedecer los militantes del PCA una orden que se emite contra otros candidatos de IUA, tambi\u00e9n compa\u00f1eros?. Cr\u00f3nica de una confrontaci\u00f3n anunciada, quiz\u00e1 muerte [pol\u00edtica] de una organizaci\u00f3n o -deseablemente- de un equipo y modo de hacer las cosas.<\/p>\n","protected":false},"excerpt":{"rendered":"<p>CARTA A LOS COMUNISTAS ASTURIANOS Esta carta va dirigida a quienes tengan a bien considerarse \u201ccomunistas\u201d, y formen parte de su bandera asturiana. Sin llegar a invitarles al parricidio [pol\u00edtico], por la naturaleza jur\u00e1sica, cardenalicia y premarxista de su presunta \u00e9lite, pero como cualquier dial\u00e9ctica con ella es inviable por anquilosamiento, este texto llama a [&hellip;]<\/p>\n","protected":false},"author":1,"featured_media":0,"comment_status":"open","ping_status":"open","sticky":false,"template":"","format":"standard","meta":{"_et_pb_use_builder":"off","_et_pb_old_content":"","_et_gb_content_width":"","footnotes":""},"categories":[3],"tags":[],"class_list":["post-364","post","type-post","status-publish","format-standard","hentry","category-politicos"],"_links":{"self":[{"href":"https:\/\/lesasturies.org\/index.php\/wp-json\/wp\/v2\/posts\/364","targetHints":{"allow":["GET"]}}],"collection":[{"href":"https:\/\/lesasturies.org\/index.php\/wp-json\/wp\/v2\/posts"}],"about":[{"href":"https:\/\/lesasturies.org\/index.php\/wp-json\/wp\/v2\/types\/post"}],"author":[{"embeddable":true,"href":"https:\/\/lesasturies.org\/index.php\/wp-json\/wp\/v2\/users\/1"}],"replies":[{"embeddable":true,"href":"https:\/\/lesasturies.org\/index.php\/wp-json\/wp\/v2\/comments?post=364"}],"version-history":[{"count":1,"href":"https:\/\/lesasturies.org\/index.php\/wp-json\/wp\/v2\/posts\/364\/revisions"}],"predecessor-version":[{"id":365,"href":"https:\/\/lesasturies.org\/index.php\/wp-json\/wp\/v2\/posts\/364\/revisions\/365"}],"wp:attachment":[{"href":"https:\/\/lesasturies.org\/index.php\/wp-json\/wp\/v2\/media?parent=364"}],"wp:term":[{"taxonomy":"category","embeddable":true,"href":"https:\/\/lesasturies.org\/index.php\/wp-json\/wp\/v2\/categories?post=364"},{"taxonomy":"post_tag","embeddable":true,"href":"https:\/\/lesasturies.org\/index.php\/wp-json\/wp\/v2\/tags?post=364"}],"curies":[{"name":"wp","href":"https:\/\/api.w.org\/{rel}","templated":true}]}}