{"id":410,"date":"2019-09-08T10:44:28","date_gmt":"2019-09-08T10:44:28","guid":{"rendered":"https:\/\/lesasturies.org\/?p=410"},"modified":"2019-09-24T11:00:42","modified_gmt":"2019-09-24T11:00:42","slug":"si-yo-torno-a-la-marhabanera","status":"publish","type":"post","link":"https:\/\/lesasturies.org\/index.php\/2019\/09\/08\/si-yo-torno-a-la-marhabanera\/","title":{"rendered":"Si yo torno a la mar\u2026(habanera)"},"content":{"rendered":"\n<p>\u201c<em>Si yo torno a la mar\u2026<\/em>(habanera)\u201d<\/p>\n\n\n\n<p>La Foz de Morc\u00edn, 8 de septiembre de 2019, Comida y encuentro de Izquierda Xunida.<\/p>\n\n\n\n<p>Gonzalo Barrena<\/p>\n\n\n\n<p>Pas\u00e9 un mediod\u00eda guapo en el \u00ednclito lugar de La Foz, con una geograf\u00eda tan apretada como la coyuntura que vive nuestra querida Organizaci\u00f3n, la Izquierda Unida de Asturias en la que milito desde el inicio, y que vive hoy un curioso entreacto.<\/p>\n\n\n\n<p>Comimos bien, cantamos bastante, al albur de voces que te llevan cuando no aciertas a entonar por ti, y fue discurriendo el d\u00eda con humildad y sol. Faltaba medio partido, si no m\u00e1s, y los discursos, contenidos, se desenvolvieron en el celof\u00e1n de la melancol\u00eda. No hubo estridencias ni cortes en el tono, ni esa soberbia propia de los asturianos cuando van ganando porque\u2026 faltaba media organizaci\u00f3n, si no m\u00e1s.<\/p>\n\n\n\n<p>La Agrupaci\u00f3n de Morc\u00edn trabaj\u00f3 para todos, se notaba, y el centenar de personas que acudi\u00f3 al llamado tuvo un buen anfitri\u00f3n. Pero al partido que conformamos le falta uni\u00f3n, ideas y nervio y sinergia entre las mitades, para salir de esa otra \u201cfoz\u201d en la que est\u00e1 detenido su calendario. No podemos complacernos como \u201cCentro de D\u00eda\u201d al que acudimos para engatusarnos con pel\u00edculas antiguas y m\u00fasica de cuando aquello. La Izquierda del pa\u00eds tiene que volver a la mar, que lleva demasiados a\u00f1os en seco, dibujando cartas de navegaci\u00f3n a ninguna parte mientras se vuelve taciturna la militancia.<\/p>\n\n\n\n<p>En La Foz del otro d\u00eda las caras eran de boda con funeral; sin lugar a la desconfianza porque ya no toca ese mal, y porque faltaban familias enteras para pelearse; ni siquiera la Direcci\u00f3n en funciones consigui\u00f3 transmitir fuerza con esa danza maor\u00ed del \u201chambre de izquierda\u201d. La \u00fanica que se percibi\u00f3 all\u00ed fue la biol\u00f3gica, atendida con eficacia por un indiscutible equipo local. Pero la otra, la que nos mueve a continuar en esta izquierda m\u00e1s prometida que prometedora, subsiste en modo de voluntad. Seguimos aqu\u00ed, de momento, como acto de la voluntad, a la espera de algo que nos lleve a salir de la foz y nos torne a la mar, capitana consorte como en la habanera, porque la izquierda ya no puede mari\u00f1ar m\u00e1s entre tanto desacierto.<\/p>\n\n\n\n<p>Nunca compart\u00ed, y tampoco el otro d\u00eda, la reticencia con los podemistas; y aunque asumo como m\u00edas las demandas principales que se escucharon en Morc\u00edn, el resentimiento en el rabillo del discurso me desanima. La posibilidad de convertir en \u201ccombo\u201d a nuestro d\u00fao de diputados puede reconfortar, pero dista de ser un \u00e9xito. En cambio estar\u00edamos m\u00e1s cerca de ello si \u201c<em>La izquierda que suma<\/em>\u201d, legible en el estrado, hubiera pasado de simple lema y hubiese conducido los votos a un puerto real. Para el pueblo que defendemos, el grupo natural lo integran 7 diputados, de aritm\u00e9tica f\u00e1cil pero lejano y dif\u00edcil de asentar sobre el llamazal que la izquierda asturiana tiene como suelo.<\/p>\n\n\n\n<p>Y entonces, \u00bfqu\u00e9 podemos hacer para sorpasar el penar habanero de Morc\u00edn?. Aqu\u00ed van, para empezar, cinco ingenuidades sin otra intenci\u00f3n que contrastar convicciones, si lo fuesen, en el tiempo previo a la pr\u00f3xima Asamblea de Izquierda Xunida.&nbsp;<\/p>\n\n\n\n<p>PRIMERO. Habr\u00eda que promover la democracia interna con determinaci\u00f3n, y desterrar de una vez por todas la t\u00e9cnica cainita como modo de superar los desacuerdos.<\/p>\n\n\n\n<p>SEGUNDO. Lealtad hacia los acuerdos de la Organizaci\u00f3n, independientemente de la identificaci\u00f3n que se sienta con ellos. Es decir, democracia interna de nuevo.<\/p>\n\n\n\n<p>TERCERO. Promover el debate de ideas, sin tenerle miedo a la confrontaci\u00f3n de enfoques o propuestas. Debates abiertos, sin componendas previas ni estrategias encriptadas. Una organizaci\u00f3n como la nuestra ha de ser dial\u00e9ctica desde el minuto uno de su actividad.<\/p>\n\n\n\n<p>CUARTO. Podemos, Equo, Los Comunes, las Mareas, como IAS en el caso asturiano, nunca pueden percibirse como adversarios. La divergencia, como la diversidad de planteamientos, han de confrontarse con la misma lealtad y apertura que en el seno de nuestra Organizaci\u00f3n.<\/p>\n\n\n\n<p>QUINTO. Estremar (excelente t\u00e9rmino asturiano, que engloba los significados \u201cdiscernir, organizar, ordenar, limpiar\u201d, combatir en general cualquier confusi\u00f3n) la \u201cfontaner\u00eda\u201d y pr\u00e1cticas de cloaca, de la acci\u00f3n pol\u00edtica, con el fin de devolver el protagonismo a la defensa de las ideas, invisibles hoy bajo una vegetaci\u00f3n espuria de intereses individuales, cortoplacismo y presuntos dogmas que no son otra cosa que formas contempor\u00e1neas de miop\u00eda.<\/p>\n\n\n\n<p>Con la intenci\u00f3n de \u201ctornar a la mar\u201d acompa\u00f1ado de una izquierda capitana, como cant\u00e1bamos el otro d\u00eda en La Foz, a lo habanero, con ese modo dulce de acci\u00f3n que la miner\u00eda, los pescadores -o el pueblo cualquiera- siempre lleva consigo en los entreactos.<\/p>\n","protected":false},"excerpt":{"rendered":"<p>\u201cSi yo torno a la mar\u2026(habanera)\u201d La Foz de Morc\u00edn, 8 de septiembre de 2019, Comida y encuentro de Izquierda Xunida. Gonzalo Barrena Pas\u00e9 un mediod\u00eda guapo en el \u00ednclito lugar de La Foz, con una geograf\u00eda tan apretada como la coyuntura que vive nuestra querida Organizaci\u00f3n, la Izquierda Unida de Asturias en la que [&hellip;]<\/p>\n","protected":false},"author":1,"featured_media":0,"comment_status":"closed","ping_status":"closed","sticky":false,"template":"","format":"standard","meta":{"_et_pb_use_builder":"off","_et_pb_old_content":"","_et_gb_content_width":"","footnotes":""},"categories":[3,1],"tags":[],"class_list":["post-410","post","type-post","status-publish","format-standard","hentry","category-politicos","category-sin-categoria"],"_links":{"self":[{"href":"https:\/\/lesasturies.org\/index.php\/wp-json\/wp\/v2\/posts\/410","targetHints":{"allow":["GET"]}}],"collection":[{"href":"https:\/\/lesasturies.org\/index.php\/wp-json\/wp\/v2\/posts"}],"about":[{"href":"https:\/\/lesasturies.org\/index.php\/wp-json\/wp\/v2\/types\/post"}],"author":[{"embeddable":true,"href":"https:\/\/lesasturies.org\/index.php\/wp-json\/wp\/v2\/users\/1"}],"replies":[{"embeddable":true,"href":"https:\/\/lesasturies.org\/index.php\/wp-json\/wp\/v2\/comments?post=410"}],"version-history":[{"count":4,"href":"https:\/\/lesasturies.org\/index.php\/wp-json\/wp\/v2\/posts\/410\/revisions"}],"predecessor-version":[{"id":415,"href":"https:\/\/lesasturies.org\/index.php\/wp-json\/wp\/v2\/posts\/410\/revisions\/415"}],"wp:attachment":[{"href":"https:\/\/lesasturies.org\/index.php\/wp-json\/wp\/v2\/media?parent=410"}],"wp:term":[{"taxonomy":"category","embeddable":true,"href":"https:\/\/lesasturies.org\/index.php\/wp-json\/wp\/v2\/categories?post=410"},{"taxonomy":"post_tag","embeddable":true,"href":"https:\/\/lesasturies.org\/index.php\/wp-json\/wp\/v2\/tags?post=410"}],"curies":[{"name":"wp","href":"https:\/\/api.w.org\/{rel}","templated":true}]}}