{"id":542,"date":"2020-04-28T11:39:24","date_gmt":"2020-04-28T11:39:24","guid":{"rendered":"https:\/\/lesasturies.org\/?p=542"},"modified":"2020-04-29T18:47:08","modified_gmt":"2020-04-29T18:47:08","slug":"un-aire-holandes","status":"publish","type":"post","link":"https:\/\/lesasturies.org\/index.php\/2020\/04\/28\/un-aire-holandes\/","title":{"rendered":"Un aire holand\u00e9s"},"content":{"rendered":"<p>[et_pb_section fb_built=\u00bb1&#8243; _builder_version=\u00bb4.4.4&#8243;][et_pb_row column_structure=\u00bb1_3,2_3&#8243; _builder_version=\u00bb4.4.4&#8243;][et_pb_column type=\u00bb1_3&#8243; _builder_version=\u00bb4.4.4&#8243;][et_pb_image src=\u00bbhttps:\/\/lesasturies.org\/wp-content\/uploads\/2020\/04\/Rinke-en-Les-Bedules-Ponga.jpeg\u00bb title_text=\u00bbRinke en Les Bedules, Ponga\u00bb show_in_lightbox=\u00bbon\u00bb force_fullwidth=\u00bbon\u00bb _builder_version=\u00bb4.4.4&#8243;][\/et_pb_image][et_pb_image src=\u00bbhttps:\/\/lesasturies.org\/wp-content\/uploads\/2020\/04\/Trow-24-abr-2020.jpg\u00bb title_text=\u00bbTrow, 24 abr 2020&#8243; show_in_lightbox=\u00bbon\u00bb _builder_version=\u00bb4.4.4&#8243;][\/et_pb_image][et_pb_image src=\u00bbhttps:\/\/lesasturies.org\/wp-content\/uploads\/2020\/04\/Mark-Rutte.jpeg\u00bb title_text=\u00bbMark Rutte\u00bb show_in_lightbox=\u00bbon\u00bb _builder_version=\u00bb4.4.4&#8243;][\/et_pb_image][et_pb_blurb title=\u00bbIm\u00e1genes\u00bb _builder_version=\u00bb4.4.4&#8243;]<\/p>\n<p>Arriba: Rinke practicando esqu\u00ed de traves\u00eda.<\/p>\n<p>Centro: Un agente de polic\u00eda y el Ministro de Justicia de Holanda intercambian opiniones con los usuarios de un parque p\u00fablico.<\/p>\n<p>Abajo: Mark Rutte, el Primer Ministro, acude a una reuni\u00f3n de su Gabinete de Crisis<\/p>\n<p>[\/et_pb_blurb][\/et_pb_column][et_pb_column type=\u00bb2_3&#8243; _builder_version=\u00bb4.4.4&#8243;][et_pb_text _builder_version=\u00bb4.4.4&#8243;]<\/p>\n<p><span><strong>UN AIRE HOLAND\u00c9S<\/strong><br \/><\/span><\/p>\n<p><span>Gonzalo Barrena.<\/span><\/p>\n<p><span>Rinke es un holand\u00e9s espigado y alto. Y se parece a esos asturianos esquem\u00e1ticos que aparecen en las vi\u00f1etas. Sin embargo, pronto muestra se\u00f1ales de m\u00e1s al norte: las gafas, de montura y color impensables para el recato peninsular, y el acento: la primera vez que lo escuch\u00e9, hace d\u00e9cadas, ya lo ten\u00eda. Desde entonces, y a pesar de que reaparece con frecuencia, no ha perdido esa pronunciaci\u00f3n hevy metal de las lenguas germ\u00e1nicas. Te entiendes relativamente bien con ellos, pero es como si hubieran gastado de una vez toda la capacidad de aprender romance, lo mismo que nos reprochan a nosotros por gastar de golpe todo lo que tenemos. En fin, todos esos tipos tan altos -de Pa\u00edses tan bajos- ser\u00e1n biling\u00fces, no digo que no, pero lo son entre ellos, porque con el castellano no suelen pasar de cuarto y mitad.<\/span><\/p>\n<p><span>Al margen de patrias, lenguas, impuestos, talla y background, conviene asomarse de vez en cuando a la ventana de los universos gentiles. Entre el chovinismo franc\u00e9s y la rigidez germ\u00e1nica, se abre ese pa\u00eds con vocaci\u00f3n errante y modales, y que se cumple como un estereotipo en el personaje del que hablo, a pesar de los accidentes de su pronunciaci\u00f3n. Rinke salta los paralelos que nos separan de Utrecht con malicia cervantina, plant\u00e1ndose en medio de Los Picos porque Europa la trae de serie. Errantes o no tanto, como Rinke, los holandeses poseen el secreto de la ciudadan\u00eda universal y visitan el mundo como segunda residencia. Cuando aparecen, llegan con el aire de quienes, m\u00e1s que venir del norte, vienen del futuro. La primera profesi\u00f3n que le conoc\u00ed a Rinke, en aquellos a\u00f1os del tardofranquismo, me sorprendi\u00f3: en 1985 impart\u00eda clases a los agentes de polic\u00eda de \u00c1msterdam sobre cultura isl\u00e1mica.<\/span><\/p>\n<p><span>En la Espa\u00f1a de entonces, a los polic\u00edas les dec\u00edamos \u201cgrises\u201d, aunque en realidad todo el pa\u00eds ten\u00eda ese color. Quiz\u00e1 el futuro fuese esperanzador, pero el presente ofrec\u00eda el mismo tono apagado que tienen hoy los parques y las calles: todo estaba infectado por un virus \u201cgeneral\u00edsimo\u201d.<\/span><\/p>\n<p><span>Que Rinke trabajase como aculturador de la polic\u00eda holandesa, para que sus miembros pudiesen tratar a las personas de otra cultura como merec\u00edan, nos dejaba perplejos, pues aqu\u00ed s\u00f3lo conoc\u00edamos la emigraci\u00f3n por activa, o el exilio. Los cuerpos policiales solo velaban por la seguridad del R\u00e9gimen y Europa segu\u00eda terminando en los Pirineos, dej\u00e1ndonos a las puertas de la modernidad por nuestra condici\u00f3n de celt\u00edberos.<\/span><\/p>\n<p><span>Ayer, recib\u00ed de Utrecht, v\u00eda Rinke, dos im\u00e1genes que reactivaron en mi aquel complejo peninsular, junto con la sorpresa por el adelanto holand\u00e9s. En una de las fotograf\u00edas, el ministro de Justicia coincide con un agente en un parque p\u00fablico. En \u00e9l, el polic\u00eda recuerda a los usuarios las normas del alejamiento. Ambos apoyan el pie en el suelo desde sendas bicicletas con una actitud que parece gentil. Es Holanda.<\/span><\/p>\n<p><span>En nuestro pa\u00eds, la pr\u00e1ctica parece impensable, incluso en espacios llanos. Y no por los agentes, completamente alfabetizados en democracia, sino porque en la casta pol\u00edtica que padecemos, o te subes a una bici o te subes a un cargo: ambas dimensiones parecen excluyentes en Hispania.<\/span><\/p>\n<p><span>En la otra imagen que llega de Holanda, alentada por el viento electr\u00f3nico que sopla estas semanas de frenes\u00ed, el \u201cPrimer Ministro\u201d se aproxima tambi\u00e9n en bicicleta a un gabinete de crisis. En nuestro pa\u00eds, los modos de aproximaci\u00f3n a algo son sobrecargados, poco naturales, impregnados de esa sobreactuaci\u00f3n latina, de la que somos hist\u00f3ricamente responsables. En toda la Hispania peliculera se abusa de trajes y autos de cristales tintados, a cuyas puertas se arraciman verdaderas cohortes de guarda-espaldas e impostaci\u00f3n, no se sabe muy bien si destinada a protegerse, a impresionar o a autoconvencerse.<\/span><\/p>\n<p><span>En el caso de Holanda, ambos pol\u00edticos pertenecen al espectro conservador: Mark Rutte, el primer ministro pertenece al VVD, de orientaci\u00f3n liberal, y tiene fama de no inmutarse por nada. Su ataraxia le ha valido el apodo de \u201cMinistro Tefl\u00f3n\u201d, un material conocido por su propiedad deslizante. Por su parte, Ferdinand Grapperhaus, el ministro de justicia, es dem\u00f3crata cristiano. Y sin entrar aqu\u00ed en el espectro ideol\u00f3gico ni en la hemiplej\u00eda izquierda\/derecha de corte futbolero que nos infecta, \u00bfpara cu\u00e1ndo en Espa\u00f1a un poco de la naturalidad de Flandes?.<\/span><\/p>\n<p><span>Parece claro que a medida que aumenta la calidad democr\u00e1tica disminuyen el estrambote y las medallas, como \u00e9sas que gustan de ponerse sobre la guerrera los generales. Aqu\u00ed, actuar pol\u00edticamente en jersey o en vaqueros, desplazarse en bicicleta o en autob\u00fas, provoca el salto inmediato del periodismo de presa y miles de gru\u00f1idos en red.<\/span><\/p>\n<p><span>As\u00ed que, m\u00e1s all\u00e1 de ser liberal, izquierdista o cristiano, pues all\u00e1 cada cual con su demencia, por la naturalidad que aporta frente a problemas y pestes, por ser gentil, por no confundir la higiene con el desenfado y usar la bici, si el suelo es llano, por manejar un humor sano&#8230; por todo ello resulta aconsejable ponerse al pairo del aire holand\u00e9s.<\/span><\/p>\n<p>[\/et_pb_text][\/et_pb_column][\/et_pb_row][\/et_pb_section]<\/p>\n","protected":false},"excerpt":{"rendered":"<p>Arriba: Rinke practicando esqu\u00ed de traves\u00eda. Centro: Un agente de polic\u00eda y el Ministro de Justicia de Holanda intercambian opiniones con los usuarios de un parque p\u00fablico. Abajo: Mark Rutte, el Primer Ministro, acude a una reuni\u00f3n de su Gabinete de CrisisUN AIRE HOLAND\u00c9S Gonzalo Barrena. Rinke es un holand\u00e9s espigado y alto. Y se [&hellip;]<\/p>\n","protected":false},"author":1,"featured_media":554,"comment_status":"closed","ping_status":"closed","sticky":false,"template":"","format":"standard","meta":{"_et_pb_use_builder":"on","_et_pb_old_content":"","_et_gb_content_width":"1080","footnotes":""},"categories":[13],"tags":[],"class_list":["post-542","post","type-post","status-publish","format-standard","has-post-thumbnail","hentry","category-comunes"],"_links":{"self":[{"href":"https:\/\/lesasturies.org\/index.php\/wp-json\/wp\/v2\/posts\/542","targetHints":{"allow":["GET"]}}],"collection":[{"href":"https:\/\/lesasturies.org\/index.php\/wp-json\/wp\/v2\/posts"}],"about":[{"href":"https:\/\/lesasturies.org\/index.php\/wp-json\/wp\/v2\/types\/post"}],"author":[{"embeddable":true,"href":"https:\/\/lesasturies.org\/index.php\/wp-json\/wp\/v2\/users\/1"}],"replies":[{"embeddable":true,"href":"https:\/\/lesasturies.org\/index.php\/wp-json\/wp\/v2\/comments?post=542"}],"version-history":[{"count":13,"href":"https:\/\/lesasturies.org\/index.php\/wp-json\/wp\/v2\/posts\/542\/revisions"}],"predecessor-version":[{"id":569,"href":"https:\/\/lesasturies.org\/index.php\/wp-json\/wp\/v2\/posts\/542\/revisions\/569"}],"wp:featuredmedia":[{"embeddable":true,"href":"https:\/\/lesasturies.org\/index.php\/wp-json\/wp\/v2\/media\/554"}],"wp:attachment":[{"href":"https:\/\/lesasturies.org\/index.php\/wp-json\/wp\/v2\/media?parent=542"}],"wp:term":[{"taxonomy":"category","embeddable":true,"href":"https:\/\/lesasturies.org\/index.php\/wp-json\/wp\/v2\/categories?post=542"},{"taxonomy":"post_tag","embeddable":true,"href":"https:\/\/lesasturies.org\/index.php\/wp-json\/wp\/v2\/tags?post=542"}],"curies":[{"name":"wp","href":"https:\/\/api.w.org\/{rel}","templated":true}]}}