{"id":586,"date":"2020-09-10T20:40:00","date_gmt":"2020-09-10T20:40:00","guid":{"rendered":"https:\/\/lesasturies.org\/?p=586"},"modified":"2020-09-14T20:54:33","modified_gmt":"2020-09-14T20:54:33","slug":"una-peninsula-grande-y-libre-de-mitologia","status":"publish","type":"post","link":"https:\/\/lesasturies.org\/index.php\/2020\/09\/10\/una-peninsula-grande-y-libre-de-mitologia\/","title":{"rendered":"Una pen\u00ednsula grande y libre (de mitolog\u00eda)"},"content":{"rendered":"\n<h3 class=\"wp-block-heading\">Desprendimiento del concepto \u201cEspa\u00f1a\u201d entre los pueblos ib\u00e9ricos<\/h3>\n\n\n\n<p>Gonzalo Barrena.<\/p>\n\n\n\n<p>El Fielato, 10 oct 2020.<\/p>\n\n\n\n<p>El concepto \u201cEspa\u00f1a\u201d, junto a \u201cmonarqu\u00eda\u201d o \u201cconstituci\u00f3n\u201d, compone un importante alijo intelectual de la derecha-pa\u00eds. Como la gomina, como la banderita en el reloj, como todo ese discurso febril que conduce de vuelta hacia el universo zombi del franquismo.<\/p>\n\n\n\n<p>Porque \u201cEspa\u00f1a\u201d, como concepto, se reduce a Castilla m\u00e1s ignorancia, con un salpimiento de internacionalismo nacido en el 98 y Unamuno al frente del error, que pag\u00f3 amargamente por haber confundido la semilla de la fe con los huevos de la serpiente. Y eso que muri\u00f3 antes de saber que\u00a0<em>Mientras dure la guerra<\/em>\u00a0(Amen\u00e1bar, 2019) se compondr\u00eda de cuatro d\u00e9cadas de crimen contra medio pa\u00eds y otras cuatro de impunidad y olvido que llegan hasta hoy.<\/p>\n\n\n\n<p>Ese reducto de pensadores y lectores del 98 espa\u00f1ol no se percata de que a la espalda del mito no hay m\u00e1s patria que el castellano, preciosa lengua y verdadero suelo por el que merece la pena luchar ahora, con toda la Educaci\u00f3n del pa\u00eds de botell\u00f3n biling\u00fce, pensamiento simple donde los haya y deterioro cierto para la lengua que comparten los pueblos ib\u00e9ricos. La formaci\u00f3n en castellano, valiosa mesta de ra\u00edces latinas, vascas, \u00e1rabes y hermanas romances, ha sido la \u00fanica mena de poetas, andaluces o no, que merece el nombre de patrimonio com\u00fan, el \u00fanico lugar digno, junto con la infancia y sus lenguas, para el concepto de patria. El resto es Historia de Espa\u00f1a y, por lo tanto, un cuento contado como interesa al poder, en este caso un mito monobloque generado por Castilla y alimentado por el inconsciente visigodo de sus monarcas, pasado a limpio por S\u00e1nchez Albornoz y manoseado por Francisco Franco hasta hacerlo indigerible para el resto de los pueblos peninsulares.<\/p>\n\n\n\n<p>La pen\u00ednsula pol\u00edtica estar\u00eda mejor nombrada como Iberia, aprovechando la claridad del castellano y la fatuidad de la mercanc\u00eda \u201cEspa\u00f1a\u201d, curiosamente presentada hoy como \u201cmarca\u201d, lo que acredita su condici\u00f3n de entelequia e id\u00e9ntico atributo que poseen tambi\u00e9n las especies \u201cTransici\u00f3n\u201d y \u201cConstituci\u00f3n\u201d, sus hermanas metaf\u00edsicas m\u00e1s recientes.<\/p>\n\n\n\n<p>De modo que \u201cEspa\u00f1a\u201d, Transici\u00f3n\u201d y \u201cConstituci\u00f3n\u201d, ante la que por cierto nos abstuvimos tantos, vienen siendo utilizados en el blanqueo de cr\u00edmenes y robos perpetrados por una minor\u00eda que aprovech\u00f3 la postguerra -vamos a dejar atr\u00e1s el golpe y la contienda- para asesinar desde 1939 hasta Mart\u00edn Villa, encausado hoy desde Argentina y vergonzosamente respaldado por media docena de c\u00f3mplices en la desmemoria, disfrazada de Constituci\u00f3n.<\/p>\n\n\n\n<p>Constituci\u00f3n que nos endos\u00f3 a todos monarca sin preguntar y prolong\u00f3 la alfombra de impunidad desplegada por el R\u00e9gimen. Al pueblo llamado espa\u00f1ol le escamotearon la ruptura con el legado del dictador, indiscutiblemente leg\u00edtima, y el falangista Adolfo Su\u00e1rez se acomod\u00f3 en el centro del tapiz, mutado en dem\u00f3crata a una velocidad estelar tras arrinconar a los padres menos presentables de la Patria, como hacen esos prometidos de buen casamiento que ocultan a sus parientes m\u00e1s bizarros, desanim\u00e1ndolos a la boda.\u00a0La novia de la democracia, muerta de miedo cultivado durante una represi\u00f3n sostenida, accedi\u00f3 al apa\u00f1o con los beneficiarios de la dictadura, y toda la Espa\u00f1a republicana se despos\u00f3 con sus depredadores. Lo de republicana qued\u00f3 atr\u00e1s, como apellido de soltera, y la mitad conservadora del pa\u00eds se qued\u00f3 con el sustantivo, Espa\u00f1a a secas. Y a tontas y a locas nos colaron en la Europa de los Bancos cantando el himno de la Transici\u00f3n y amnistiando \u201crealmente\u201d en las urnas a golpistas, c\u00f3mplices y represores de toda laya con cuatro d\u00e9cadas de ilegitimidad en su haber.<\/p>\n\n\n\n<p>En 1981 la fantochada de Tejero, internacionalmente rid\u00edcula, legitim\u00f3 por crowfunding al astuto monarca, quien esa noche abjur\u00f3 -tarde y de aquella manera- de sus generales, despu\u00e9s de testar d\u00f3nde estaba m\u00e1s segura la corona heredada del \u201ccaudillo\u201d, su antecesor en el trono.<\/p>\n\n\n\n<p>Desde 1982 en adelante, se reforz\u00f3 la estafa; y con ayuda del cloroformo destilado en la bodeguilla de Felipe y Compa\u00f1\u00eda se adormeci\u00f3 por a\u00f1os la conciencia y derecho -a hablar siquiera- de Rep\u00fablica.<\/p>\n\n\n\n<p>Y as\u00ed llegamos al presente\u00a0<em>covid<\/em>\u00a0tras demasiado tiempo de desmemoria que conviene revisar, m\u00e1xime ahora que los jinetes de Abascal, quinto intelectual del R\u00e9gimen, cabalgan de nuevo envueltos en el rojo y gualda de la Constituci\u00f3n. Que no son ni demonios, ni pajes de la pandemia, ni el anticristo chino que la fund\u00f3: son Espa\u00f1a, la de siempre, esa reserva metaf\u00edsica que les pertenece entera, monarca incluido y acompa\u00f1ado de Letizia, una antigua presentadora de televisi\u00f3n. Y como a esa periodista, Letizia Ortiz Rocasolano, que decidi\u00f3 interrumpir la voz que abr\u00eda los telediarios cambiando por una corona su libertad, al pueblo supuestamente espa\u00f1ol le invitaron a callar cualquier deseo de Rep\u00fablica. La periodista, acompa\u00f1ando en silencio desde entonces el paso de su adusto marido, dej\u00f3 a las mujeres del reino una retro-lecci\u00f3n impagable sobre la emancipaci\u00f3n, con estilo, ropa y modales de Betsy Blair en Calle Mayor (Bardem, 1956). <\/p>\n\n\n\n<p>Y el pueblo, con el birlibirloque del bienestar y tan enga\u00f1ado como ella por los truhanes evolutivos del tardofranquismo, aplaz\u00f3\u00a0<em>sine die\u00a0<\/em>su irrenunciable derecho a elegir jefe de Estado. Y bien entrenados todos en el arte de callar, qued\u00f3 sepultado el momento de discutir en libertad el mapa pol\u00edtico de Franco. En la fantasmagor\u00eda de la Constituci\u00f3n, apareci\u00f3 el par \u201cnacionalidades y regiones\u201d, y con el Senado como tierra prometida, las autonom\u00edas de tap\u00f3n y los cr\u00edmenes de ETA, se encerr\u00f3 en el armario de la transici\u00f3n el muerto territorial.<\/p>\n\n\n\n<p>Y el mito de Espa\u00f1a se propag\u00f3 entre las Comunidades con asimetr\u00eda -muchos catalanes c\u00f3mplices- y discreci\u00f3n de corredor en Bolsa. En el interim, s\u00f3lo entraban en \u00e9xtasis con el nombre del Estado los nost\u00e1lgicos de cuartel o los patriotas de camiseta, a raz\u00f3n de la clasificaci\u00f3n en los Mundiales, pero nunca, nunca jam\u00e1s, consigui\u00f3 pronunciarse \u201cEspa\u00f1a\u201d como consenso entre los pueblos peninsulares.<\/p>\n\n\n\n<p>Por ello viene siendo tan adecuado, como diagn\u00f3stico, \u201cEl laberinto espa\u00f1ol\u201d (Gerald Brenan, 1943) o veinte a\u00f1os antes, la \u201cEspa\u00f1a invertebrada\u201d (Ortega y Gasset, 1921), donde se reconoce ya desde el t\u00edtulo la imposibilidad sustantiva y la liquidez del concepto. Que ha sido, desde el origen, un mito g\u00f3tico, rentabilizado por Castilla, adobado con inter\u00e9s borb\u00f3nico, impuesto por la enso\u00f1aci\u00f3n franquista y rematado con estupidez de s\u00fabdito hasta el 2020, cuando el ciudadano despert\u00f3 del Covid y la Espa\u00f1a de los dinosaurios segu\u00eda ah\u00ed.<\/p>\n\n\n\n<p>Y ah\u00ed estamos ahora, con el ciudadano Felipe en pleno Edipo y la derecha-pa\u00eds dramatizando, confundiendo el independentismo con la tect\u00f3nica de placas, y la Historia con la histeria, al igual que hizo el propio Ortega, introductor de ese espectro en el mentidero conservador: \u201cEl imperio espa\u00f1ol contin\u00faa despedaz\u00e1ndose hoy pen\u00ednsula adentro\u201d.<\/p>\n\n\n\n<p>Pero las cosas no son as\u00ed, porque la \u201cEspa\u00f1a\u201d patriotera, la obsoleta monarqu\u00eda, la transici\u00f3n amn\u00e9sica y la Constituci\u00f3n entendida como megalito, no son m\u00e1s que mitos y zombies a la espera de raz\u00f3n y Rep\u00fablica entre los pueblos ib\u00e9ricos.<\/p>\n\n\n\n<p>M\u00e1s Portugal.<\/p>\n","protected":false},"excerpt":{"rendered":"<p>Desprendimiento del concepto \u201cEspa\u00f1a\u201d entre los pueblos ib\u00e9ricos Gonzalo Barrena. El Fielato, 10 oct 2020. El concepto \u201cEspa\u00f1a\u201d, junto a \u201cmonarqu\u00eda\u201d o \u201cconstituci\u00f3n\u201d, compone un importante alijo intelectual de la derecha-pa\u00eds. Como la gomina, como la banderita en el reloj, como todo ese discurso febril que conduce de vuelta hacia el universo zombi del franquismo. [&hellip;]<\/p>\n","protected":false},"author":1,"featured_media":0,"comment_status":"closed","ping_status":"closed","sticky":false,"template":"","format":"standard","meta":{"_et_pb_use_builder":"off","_et_pb_old_content":"","_et_gb_content_width":"","footnotes":""},"categories":[3],"tags":[],"class_list":["post-586","post","type-post","status-publish","format-standard","hentry","category-politicos"],"_links":{"self":[{"href":"https:\/\/lesasturies.org\/index.php\/wp-json\/wp\/v2\/posts\/586","targetHints":{"allow":["GET"]}}],"collection":[{"href":"https:\/\/lesasturies.org\/index.php\/wp-json\/wp\/v2\/posts"}],"about":[{"href":"https:\/\/lesasturies.org\/index.php\/wp-json\/wp\/v2\/types\/post"}],"author":[{"embeddable":true,"href":"https:\/\/lesasturies.org\/index.php\/wp-json\/wp\/v2\/users\/1"}],"replies":[{"embeddable":true,"href":"https:\/\/lesasturies.org\/index.php\/wp-json\/wp\/v2\/comments?post=586"}],"version-history":[{"count":3,"href":"https:\/\/lesasturies.org\/index.php\/wp-json\/wp\/v2\/posts\/586\/revisions"}],"predecessor-version":[{"id":590,"href":"https:\/\/lesasturies.org\/index.php\/wp-json\/wp\/v2\/posts\/586\/revisions\/590"}],"wp:attachment":[{"href":"https:\/\/lesasturies.org\/index.php\/wp-json\/wp\/v2\/media?parent=586"}],"wp:term":[{"taxonomy":"category","embeddable":true,"href":"https:\/\/lesasturies.org\/index.php\/wp-json\/wp\/v2\/categories?post=586"},{"taxonomy":"post_tag","embeddable":true,"href":"https:\/\/lesasturies.org\/index.php\/wp-json\/wp\/v2\/tags?post=586"}],"curies":[{"name":"wp","href":"https:\/\/api.w.org\/{rel}","templated":true}]}}