{"id":611,"date":"2021-10-19T07:41:00","date_gmt":"2021-10-19T07:41:00","guid":{"rendered":"https:\/\/lesasturies.org\/?p=611"},"modified":"2021-12-02T07:43:57","modified_gmt":"2021-12-02T07:43:57","slug":"ya-ya-ya-oficialida","status":"publish","type":"post","link":"https:\/\/lesasturies.org\/index.php\/2021\/10\/19\/ya-ya-ya-oficialida\/","title":{"rendered":"Ya, ya, ya, oficialid\u00e1"},"content":{"rendered":"\n<h2 class=\"wp-block-heading\">Estaci\u00f3n del Norte<\/h2>\n\n\n\n<p><strong>Nora Trespalacios<\/strong><\/p>\n\n\n\n<p>Arranca la viga\u00b4l carru de La Estaci\u00f3n y siento que nos empuja algo, algo que puxa hacia la Ur\u00eda del ensanche al rebuscu del so interior. Otru ensanche, quiz\u00e1, pero d\u2019esos que solo son fatibles mirando pa \u00fan. A mi toc\u00f3me coles muyeres, pandereta en ristre y cerrando la xente de lo civil, ensin part\u00edos. En pos de nos, diben toles organizaciones que sofiten -ye un dicir- el sint\u00edu com\u00fan, pues a les altures que tamos, poner trabes a la oficialid\u00e1 \u00e9 como confundir g\u00fcei con ayeri.<\/p>\n\n\n\n<p>Si l\u2019asturianu ye una lluenga inventada, tolos g\u00fcelos nuestros fueron inventores. Que pueda ser un trucu pa met\u00e9se a profesores, lo dudo: la xente que igu\u00f3 la escuadra el s\u00e1badu, entre la Renfe y la Catedral, mov\u00edase por convencimientu, y no atalantando daqu\u00e9 \u201cpuestu-o-posici\u00f3n\u201d.<\/p>\n\n\n\n<p>Camina xunto a min una madre perxoven con dos rapaces roxos. A la cr\u00eda d\u00edcen-y Marina, y Mat\u00edas a \u00e9l. Pregunt\u00e9-yos y ven\u00eden de Llanes: pe los g\u00fceyos de los tres se columbraba el futuro y el Cant\u00e1brico que ba\u00f1\u00f3 a toos los nuestros, primero que les lling\u00fces medrasen a muries.<\/p>\n\n\n\n<p>Vi munch\u00edsimes muyeres, que s&#8217;entend\u00eden percima de la xeneraci\u00f3n. Les muyeres toquen y piensen al sen con la facilid\u00e1 del agua cuando cuerre, y siempre ju\u00e9 m\u00e1s delles el arte d\u2019entendese: por eso acepten la diversid\u00e1 de pronomes ensin ponese como un fute. Y lo mesmo cola llingua, que poco que la dexen, entama a amasar axetivos, tropos y \u00f1omes pa les coses que valen, a ver si ceza el tiempu la neced\u00e1, que tan mal s\u2019escosa.<\/p>\n\n\n\n<p>As\u00ed que componte, Barb\u00f3n, como diz mi madre cuando alguien prende algo sin arte o con desgana: llega el tiempu de estremar la llei del bozal y de hermanase tami\u00e9n a los tres puntos cardinales que no miren pal ingl\u00e9s. Tienes que conteate, Emilio, en la pila xente que ti alvirti\u00f3 Rodrigo, el de Vegarrionda, y jallar tan prestu como puedas una llugatina pa iguar la oficialid\u00e1 del romance.<\/p>\n\n\n\n<p>Que lo val.<\/p>\n\n\n\n<h2 class=\"wp-block-heading\">Plaza de la Catedral<\/h2>\n\n\n\n<p><strong>Gonzalo Barrena<\/strong><\/p>\n\n\n\n<p>En una plaza hasta la bandera, que lleva desde no se cu\u00e1ndo la etiqueta de <em>Alfonso El Casto<\/em>,le puso Rodrigo Cuevas el nombre del rev\u00e9s. Rodrigo Primero El Agitador llamaba sin parar a junta con el <em>b\u00edgaru<\/em>, liderando a quienes ans\u00edan ventilar la habitaci\u00f3n del patriarca. Que est\u00e1, por cierto, a punto del colapso porque no todo el mundo es hetero-cristiano y comienza a despuntar el bien en medio de una moral machihembrada.<\/p>\n\n\n\n<p>Oviedo es una ciudad chica e impostada, y por eso languidece. De ah\u00ed que, cuando recibe sangre profunda, como la del s\u00e1bado 16 de octubre, se sonrosa, suelta la melena y pasa de regenta a mujer. Y as\u00ed se remoz\u00f3 -ese d\u00eda- el escenario burgu\u00e9s, a golpe de pueblo y ausentes gracias a dios, o con sordina, las trompetas de partido. Y tambi\u00e9n por eso la consejera Berta, pie a tierra, pudo pulsar la realidad irrefutable de Les Asturies, que siempre son plurales, enhebradas al bi\u00e9s de las ejecutivas por voluntad expresa de que <em>la lengua de mi\u00f3 g\u00fcela puedan aprendela ne\u00f1os y ne\u00f1es tami\u00e9n<\/em>, como replicaban los estribillos y las panderetas.<\/p>\n\n\n\n<p>La oficialid\u00e1 del <em>asturianu<\/em> se acerca porque, m\u00e1s que una lengua, es hoy un momento. Los argumentos en contra se debilitan por inconsistencia y suenan cada vez m\u00e1s a visigodo, como los fieles de Trump que, asaltando el Congreso, contribuyeron a sepultar la infamia en el bien de todos. No se puede silenciar por m\u00e1s tiempo ni al pueblo ni a <em>Pumares<\/em>, como rezan esos desafortunados carteles contra el diputado Adri\u00e1n cerr\u00e1ndole los labios, siendo nuestra lengua, como nuestra tierra, tan frutable\u2026<\/p>\n\n\n\n<p><em>Ya, ya, ya, con un cest\u00e1u de votos, caminen Les Asturies hacia la oficialid\u00e1.<\/em><\/p>\n\n\n\n<p><\/p>\n\n\n\n<div class=\"wp-block-buttons is-layout-flex wp-block-buttons-is-layout-flex\">\n<div class=\"wp-block-button\"><a class=\"wp-block-button__link\" href=\"https:\/\/www.elfielato.es\/articulo\/comarca-picos-de-europa\/manifestaci\u00f3n-oficialida-asturianu\/20211019113834035742.html\" target=\"_blank\" rel=\"noreferrer noopener\">Galer\u00eda y v\u00eddeo en El Fielato<\/a><\/div>\n<\/div>\n","protected":false},"excerpt":{"rendered":"<p>Estaci\u00f3n del Norte Nora Trespalacios Arranca la viga\u00b4l carru de La Estaci\u00f3n y siento que nos empuja algo, algo que puxa hacia la Ur\u00eda del ensanche al rebuscu del so interior. Otru ensanche, quiz\u00e1, pero d\u2019esos que solo son fatibles mirando pa \u00fan. A mi toc\u00f3me coles muyeres, pandereta en ristre y cerrando la xente [&hellip;]<\/p>\n","protected":false},"author":1,"featured_media":0,"comment_status":"closed","ping_status":"closed","sticky":false,"template":"","format":"standard","meta":{"_et_pb_use_builder":"off","_et_pb_old_content":"","_et_gb_content_width":"","footnotes":""},"categories":[6,10,12],"tags":[],"class_list":["post-611","post","type-post","status-publish","format-standard","hentry","category-la-linea","category-llingua","category-lugares"],"_links":{"self":[{"href":"https:\/\/lesasturies.org\/index.php\/wp-json\/wp\/v2\/posts\/611","targetHints":{"allow":["GET"]}}],"collection":[{"href":"https:\/\/lesasturies.org\/index.php\/wp-json\/wp\/v2\/posts"}],"about":[{"href":"https:\/\/lesasturies.org\/index.php\/wp-json\/wp\/v2\/types\/post"}],"author":[{"embeddable":true,"href":"https:\/\/lesasturies.org\/index.php\/wp-json\/wp\/v2\/users\/1"}],"replies":[{"embeddable":true,"href":"https:\/\/lesasturies.org\/index.php\/wp-json\/wp\/v2\/comments?post=611"}],"version-history":[{"count":2,"href":"https:\/\/lesasturies.org\/index.php\/wp-json\/wp\/v2\/posts\/611\/revisions"}],"predecessor-version":[{"id":614,"href":"https:\/\/lesasturies.org\/index.php\/wp-json\/wp\/v2\/posts\/611\/revisions\/614"}],"wp:attachment":[{"href":"https:\/\/lesasturies.org\/index.php\/wp-json\/wp\/v2\/media?parent=611"}],"wp:term":[{"taxonomy":"category","embeddable":true,"href":"https:\/\/lesasturies.org\/index.php\/wp-json\/wp\/v2\/categories?post=611"},{"taxonomy":"post_tag","embeddable":true,"href":"https:\/\/lesasturies.org\/index.php\/wp-json\/wp\/v2\/tags?post=611"}],"curies":[{"name":"wp","href":"https:\/\/api.w.org\/{rel}","templated":true}]}}