{"id":728,"date":"2023-10-24T10:25:24","date_gmt":"2023-10-24T10:25:24","guid":{"rendered":"https:\/\/lesasturies.org\/?p=728"},"modified":"2023-10-24T10:25:26","modified_gmt":"2023-10-24T10:25:26","slug":"el-otro","status":"publish","type":"post","link":"https:\/\/lesasturies.org\/index.php\/2023\/10\/24\/el-otro\/","title":{"rendered":"El otro"},"content":{"rendered":"\n<p><strong>Gonzalo Barrena.<\/strong><\/p>\n\n\n\n<p>Despu\u00e9s de unos d\u00edas en Ceuta, he regresado a la Pen\u00ednsula con algunos conceptos a remojo. Uno de ellos es el par \u201cmoro\/cristiano\u201d en la Ceuta de los traductores. Los nombres cobran significado en la escena local, compuesta por un lugar f\u00edsico y una conversaci\u00f3n. De ah\u00ed salen los nombres verdaderos. Los que se inculcan desde los medios y el poder son imposiciones, y nunca llegan a adquirir la autenticidad del pan reci\u00e9n horneado.<\/p>\n\n\n\n<p>En Ceuta se distribuyen los adjetivos de moro y cristiano con la naturalidad de quien reparte naipes en el juego, sin emotividad, sin cargas, sin prejuicios. Apenas un apellido que se a\u00f1ade para aclarar de qui\u00e9n se est\u00e1 hablando. Los adjetivos de religi\u00f3n, en la Ceuta de los navegantes, sirven para tener tan solo cierta noticia de los mares.<\/p>\n\n\n\n<p>De ah\u00ed que los moros con quienes depart\u00ed estos d\u00edas, como los cristianos, eran m\u00e1s de barrio que de religi\u00f3n. Y los barrios siempre son incompletos, como la infancia, y limitan con el futuro del individuo, que enhebra su tiempo despu\u00e9s con estudios, residencias y profesiones insospechadas. El barrio es la antesala del mundo.<\/p>\n\n\n\n<p>En los de Ceuta, adem\u00e1s, convergen colectivos y miembros que no encajan del todo en ning\u00fan padr\u00f3n. Algo natural en una geograf\u00eda de frontera donde la identidad queda hecha a\u00f1icos por la tect\u00f3nica. Continentes, mares, pa\u00edses e infancias se aprietan en esta pen\u00ednsula que consiste en quedarse con algo de cuantos pasan.<\/p>\n\n\n\n<p>Como en aquellas polis antiguas del mediterr\u00e1neo oriental, donde naci\u00f3 la Filosof\u00eda, en esta moderada ciudad la identidad es transe\u00fante. Por eso es normal que a un residente cualquiera, tomado al azar, le aparezca \u201cel otro al espejo\u201d cuando se pregunta -en puridad- en qu\u00e9 consiste ser ceut\u00ed.<\/p>\n\n\n\n<p>El Faro de Ceuta, 23\/10\/2023<\/p>\n","protected":false},"excerpt":{"rendered":"<p>Gonzalo Barrena. Despu\u00e9s de unos d\u00edas en Ceuta, he regresado a la Pen\u00ednsula con algunos conceptos a remojo. Uno de ellos es el par \u201cmoro\/cristiano\u201d en la Ceuta de los traductores. Los nombres cobran significado en la escena local, compuesta por un lugar f\u00edsico y una conversaci\u00f3n. De ah\u00ed salen los nombres verdaderos. Los que [&hellip;]<\/p>\n","protected":false},"author":1,"featured_media":0,"comment_status":"closed","ping_status":"closed","sticky":false,"template":"","format":"standard","meta":{"_et_pb_use_builder":"off","_et_pb_old_content":"","_et_gb_content_width":"","footnotes":""},"categories":[18],"tags":[],"class_list":["post-728","post","type-post","status-publish","format-standard","hentry","category-el-faro-de-ceuta"],"_links":{"self":[{"href":"https:\/\/lesasturies.org\/index.php\/wp-json\/wp\/v2\/posts\/728","targetHints":{"allow":["GET"]}}],"collection":[{"href":"https:\/\/lesasturies.org\/index.php\/wp-json\/wp\/v2\/posts"}],"about":[{"href":"https:\/\/lesasturies.org\/index.php\/wp-json\/wp\/v2\/types\/post"}],"author":[{"embeddable":true,"href":"https:\/\/lesasturies.org\/index.php\/wp-json\/wp\/v2\/users\/1"}],"replies":[{"embeddable":true,"href":"https:\/\/lesasturies.org\/index.php\/wp-json\/wp\/v2\/comments?post=728"}],"version-history":[{"count":2,"href":"https:\/\/lesasturies.org\/index.php\/wp-json\/wp\/v2\/posts\/728\/revisions"}],"predecessor-version":[{"id":730,"href":"https:\/\/lesasturies.org\/index.php\/wp-json\/wp\/v2\/posts\/728\/revisions\/730"}],"wp:attachment":[{"href":"https:\/\/lesasturies.org\/index.php\/wp-json\/wp\/v2\/media?parent=728"}],"wp:term":[{"taxonomy":"category","embeddable":true,"href":"https:\/\/lesasturies.org\/index.php\/wp-json\/wp\/v2\/categories?post=728"},{"taxonomy":"post_tag","embeddable":true,"href":"https:\/\/lesasturies.org\/index.php\/wp-json\/wp\/v2\/tags?post=728"}],"curies":[{"name":"wp","href":"https:\/\/api.w.org\/{rel}","templated":true}]}}