{"id":837,"date":"2023-12-27T10:10:42","date_gmt":"2023-12-27T10:10:42","guid":{"rendered":"https:\/\/lesasturies.org\/?p=837"},"modified":"2024-01-09T10:17:52","modified_gmt":"2024-01-09T10:17:52","slug":"nieves","status":"publish","type":"post","link":"https:\/\/lesasturies.org\/index.php\/2023\/12\/27\/nieves\/","title":{"rendered":"Nieves"},"content":{"rendered":"\n<p>Se coronan las cumbres y los d\u00edas del a\u00f1o, como si no hubiera cambio sobre la tierra que pisar\u00e1n los noveles. Hay nieves, en plural, sobre los Picos de Europa.<\/p>\n\n\n\n<p>Con el solsticio de invierno ya a la espalda, apetece pensar en las cosas que renacen. En el oto\u00f1o que acaba de terminar, las lluvias y el fr\u00edo, cada vez m\u00e1s renuentes, han vuelto; y Las Asturias vuelven a cobrar el perfil del estereotipo, haciendo cre\u00edbles por un d\u00eda las campa\u00f1as de publicidad sobre el verde y tal.<\/p>\n\n\n\n<p>Y aunque la guerra entre la OTAN y Putin, a lomos de rusos y ucranianos, como la masacre de Netanyahu y sus c\u00f3mplices sobre los palestinos, marchita el momento, siempre hay que dejar un hueco para la esperanza, que lo amanece todo.<\/p>\n\n\n\n<p>De modo que, entre la Navidad y Los Inocentes, es buen d\u00eda el de hoy para salir a pasear en medio de las verdades naturales, y sentir el fr\u00edo en la cara, como es propio de la estaci\u00f3n, y recordar un a\u00f1o m\u00e1s que ah\u00ed mismo est\u00e1 Enero, cuando vuelve a dar el sol en todos los regueros, y las profesiones, como la de ense\u00f1ar, entran en la obligaci\u00f3n de renovarse.<\/p>\n\n\n\n<p>Milio Rodr\u00edguez Cueto acaba de publicar \u201c<em>Una profesi\u00f3n de mierda<\/em>\u201d, aunque probablemente venga confundido -en el t\u00edtulo- el gremio con la profesi\u00f3n, que es sagrada. Porque los gremios siempre son oscuros y se sostienen en lo que ocultan, en lo que no puede decirse. En cambio, ense\u00f1ar\/aprender, como cualquier oficio, siempre es transitivo y ayuda a que salgan a la luz los bienes que uno lleva.<\/p>\n\n\n\n<p>El d\u00eda 22, al sol de Di\u00f3genes y de la Loter\u00eda, una profesora nueva, cantaba \u201c<em>Al alba, al alba\u2026<\/em>\u201d cargada de futuro.<\/p>\n\n\n\n<p>Felices Fiestas.<\/p>\n\n\n\n<p>____________<\/p>\n\n\n\n<p>El Fielato, 7 de noviembre, 2023.<\/p>\n","protected":false},"excerpt":{"rendered":"<p>Se coronan las cumbres y los d\u00edas del a\u00f1o, como si no hubiera cambio sobre la tierra que pisar\u00e1n los noveles. Hay nieves, en plural, sobre los Picos de Europa. Con el solsticio de invierno ya a la espalda, apetece pensar en las cosas que renacen. En el oto\u00f1o que acaba de terminar, las lluvias [&hellip;]<\/p>\n","protected":false},"author":1,"featured_media":0,"comment_status":"closed","ping_status":"closed","sticky":false,"template":"","format":"standard","meta":{"_et_pb_use_builder":"off","_et_pb_old_content":"","_et_gb_content_width":"","footnotes":""},"categories":[6],"tags":[],"class_list":["post-837","post","type-post","status-publish","format-standard","hentry","category-la-linea"],"_links":{"self":[{"href":"https:\/\/lesasturies.org\/index.php\/wp-json\/wp\/v2\/posts\/837","targetHints":{"allow":["GET"]}}],"collection":[{"href":"https:\/\/lesasturies.org\/index.php\/wp-json\/wp\/v2\/posts"}],"about":[{"href":"https:\/\/lesasturies.org\/index.php\/wp-json\/wp\/v2\/types\/post"}],"author":[{"embeddable":true,"href":"https:\/\/lesasturies.org\/index.php\/wp-json\/wp\/v2\/users\/1"}],"replies":[{"embeddable":true,"href":"https:\/\/lesasturies.org\/index.php\/wp-json\/wp\/v2\/comments?post=837"}],"version-history":[{"count":2,"href":"https:\/\/lesasturies.org\/index.php\/wp-json\/wp\/v2\/posts\/837\/revisions"}],"predecessor-version":[{"id":840,"href":"https:\/\/lesasturies.org\/index.php\/wp-json\/wp\/v2\/posts\/837\/revisions\/840"}],"wp:attachment":[{"href":"https:\/\/lesasturies.org\/index.php\/wp-json\/wp\/v2\/media?parent=837"}],"wp:term":[{"taxonomy":"category","embeddable":true,"href":"https:\/\/lesasturies.org\/index.php\/wp-json\/wp\/v2\/categories?post=837"},{"taxonomy":"post_tag","embeddable":true,"href":"https:\/\/lesasturies.org\/index.php\/wp-json\/wp\/v2\/tags?post=837"}],"curies":[{"name":"wp","href":"https:\/\/api.w.org\/{rel}","templated":true}]}}